{"id":2408,"date":"2022-07-05T08:42:40","date_gmt":"2022-07-05T07:42:40","guid":{"rendered":"http:\/\/oko.pres-24.pl\/?p=2408"},"modified":"2022-10-29T20:02:05","modified_gmt":"2022-10-29T19:02:05","slug":"tomasz-lis-wlasnie-przekroczyl-krawedz-i-kilka-slow-o-pomponiku","status":"publish","type":"post","link":"https:\/\/oko.pres-24.pl\/?p=2408","title":{"rendered":"Tomasz Lis w\u0142a\u015bnie przekroczy\u0142 kraw\u0119d\u017a. I kilka s\u0142\u00f3w o Pomponiku."},"content":{"rendered":"\n<p>C\u00f3\u017c&#8230; zdaje si\u0119 Pan Lis potwierdzi\u0142 wszystko to, co napisali\u015bmy w poprzednim, po\u015bwi\u0119conym mu artykule. <\/p>\n\n\n\n<figure class=\"wp-block-embed is-type-wp-embed is-provider-oko-pres-24 wp-block-embed-oko-pres-24\"><div class=\"wp-block-embed__wrapper\">\n<blockquote class=\"wp-embedded-content\" data-secret=\"3dGqxrJPuc\"><a href=\"http:\/\/oko.pres-24.pl\/?p=2386\">Pana Tomasza Lisa obrona? I dlaczego Pan \u017bakowski otwiera szampana (fakt, nie pytanie).<\/a><\/blockquote><iframe loading=\"lazy\" class=\"wp-embedded-content\" sandbox=\"allow-scripts\" security=\"restricted\" style=\"position: absolute; clip: rect(1px, 1px, 1px, 1px);\" title=\"&#8222;Pana Tomasza Lisa obrona? I dlaczego Pan \u017bakowski otwiera szampana (fakt, nie pytanie).&#8221; &#8212; OKO.pres-24\" src=\"http:\/\/oko.pres-24.pl\/?p=2386&#038;embed=true#?secret=3dGqxrJPuc\" data-secret=\"3dGqxrJPuc\" width=\"600\" height=\"338\" frameborder=\"0\" marginwidth=\"0\" marginheight=\"0\" scrolling=\"no\"><\/iframe>\n<\/div><\/figure>\n\n\n\n<p>To wygl\u0105da tak, jakby &#8222;rzuci\u0142 si\u0119&#8221; w przepa\u015b\u0107 i spadaj\u0105c pisa\u0142 ostatnie twitty. Bardzo si\u0119 zdziwimy, je\u015bli by\u0142y naczelny &#8222;Newsweeka&#8221; pozostanie po swoich ostatnich wypowiedziach w mainstreamie. <\/p>\n\n\n\n<p>Kiedy\u015b nie by\u0142oby sprawy ale jak pisali\u015bmy, po &#8222;Me Too&#8221; \u015bwiat sta\u0142 si\u0119 inny, a &#8222;m\u0142odzi&#8221;, pierwszy raz w 30-letniej historii wolnej Polski, maj\u0105 niez\u0142\u0105 si\u0142\u0119 przebicia. <\/p>\n\n\n\n<p>W takiej sytuacji, w tych realiach, lepiej milcze\u0107 i unika\u0107 osobistych wycieczek. Zbyt \u015bwie\u017cy i jednoznaczny jest w tej chwili odbi\u00f3r spo\u0142eczny, kto jest drapie\u017cnikiem, a kto ofiar\u0105. <\/p>\n\n\n\n<p>Tymczasem Pan Lis wrzuca pod postem Pani Kim, obok s\u0142owa &#8222;Aha&#8221;, trzy p\u0142acz\u0105ce, u\u015bmiechni\u0119te emotki. Parafrazuj\u0105c Telleyranda: &#8222;To gorzej ni\u017c <em>g\u0142upota<\/em>, to b\u0142\u0105d&#8221;.<\/p>\n\n\n\n<p>Dalej jest tylko gorzej. <\/p>\n\n\n\n<p>M\u00f3wi Pan Lis (cyt. za www.pomponik.pl): <\/p>\n\n\n\n<p>&#8222;To, \u017ce kto\u015b mia\u0142 l\u0119ki czy stresy, to jeszcze nie dow\u00f3d na mobbing. Ja te\u017c je mia\u0142em. Taka praca. Nauczy\u0142em si\u0119 z tym \u017cy\u0107&#8221; &#8211; wyzna\u0142 w rozmowie z &#8222;Pressem&#8221;, dodaj\u0105c \u017ce sam po\u015bwi\u0119ca\u0142 si\u0119 pracy w stu procentach, a jako dwukrotny udarowiec jest nara\u017cony na &#8222;depresj\u0119 kliniczn\u0105&#8221;, kt\u00f3r\u0105 jednak nie zamierza si\u0119 wykr\u0119ca\u0107.&#8221; <\/p>\n\n\n\n<p>I dalej: <\/p>\n\n\n\n<p>&#8222;&#8221;Dwa razy wyszed\u0142em ze szpitala na w\u0142asne \u017c\u0105danie, by wr\u00f3ci\u0107 do pracy i dzia\u0142a\u0107 na pe\u0142nych obrotach, a nie t\u0142umaczy\u0107 zwolnienia tempa stanem zdrowia, depresj\u0105 czy codzienn\u0105 wielogodzinn\u0105 rehabilitacj\u0105&#8221; &#8211; obruszy\u0142 si\u0119.&#8221;<\/p>\n\n\n\n<p>Wierzymy. Jeste\u015bmy wr\u0119cz pewni, \u017ce tak w\u0142a\u015bnie by\u0142o i mo\u017ce nawet by\u015bmy szanowali ofiarno\u015b\u0107 i po\u015bwi\u0119cenie Pana Redaktora. Rzecz w tym, \u017ce nie daje to prawa wymaga\u0107 takich samych po\u015bwi\u0119ce\u0144 od podw\u0142adnych. <\/p>\n\n\n\n<p>Oczywi\u015bcie, dzisiaj szefowie musz\u0105 gry\u017a\u0107 si\u0119 w j\u0119zyk, a w ostateczno\u015bci, je\u015bli pracownik nie spe\u0142nia &#8222;wymaga\u0144&#8221; szefa, nale\u017cy si\u0119 z nim rozsta\u0107. Warto jednak by, w tym nie do ko\u0144ca fajnym \u015bwiecie w kt\u00f3rym \u017cyjemy, odbywa\u0142o si\u0119 to z uwzgl\u0119dnieniem godno\u015bci ka\u017cdej ze stron.<\/p>\n\n\n\n<p>Mobbing ma niejedno oblicze. Szef mo\u017ce &#8222;upupia\u0107&#8221; nie spe\u0142niaj\u0105cego wymaga\u0144 pracownika ale mo\u017cna te\u017c nadmiernie eksploatowa\u0107 pracownika wype\u0142niaj\u0105cego powy\u017csze kryterium, kosztem jego \u017cycia prywatnego. <\/p>\n\n\n\n<p>W tej sytuacji zdarza si\u0119, \u017ce pracownik, kt\u00f3ry si\u0119 &#8222;postawi&#8221; szefowi, nagle zaczyna by\u0107 &#8222;po ludzku&#8221; traktowany, cho\u0107 akurat w przypadku Pana Lisa i jego ego to bardzo hipotetyczne za\u0142o\u017cenie. <\/p>\n\n\n\n<p>Czytaj\u0105c zacytowane powy\u017cej s\u0142owa o &#8222;po\u015bwi\u0119ceniu&#8221; dla pracy, przypomnia\u0142 si\u0119 nam \u015bwietny film &#8222;Nightcrawler&#8221; z Jakem Gyllenhaalem, akurat o bran\u017cy medialnej. <\/p>\n\n\n\n<p>Bohater, osi\u0105gn\u0105wszy sukces, w ostatniej scenie m\u00f3wi do zatrudnionych przez siebie \u017c\u00f3\u0142todziob\u00f3w co\u015b w stylu: &#8222;Nie oczekuj\u0119 od was w tej pracy niczego wi\u0119cej, ni\u017c sam jestem w stanie dla niej zrobi\u0107.&#8221; <\/p>\n\n\n\n<p>Tymczasem bohater, wdrapuj\u0105c si\u0119 &#8222;na szczyt&#8221;, dopu\u015bci\u0142 si\u0119 wszelkich dra\u0144stw. <\/p>\n\n\n\n<p>Na koniec kilka s\u0142\u00f3w o &#8222;Pomponiku&#8221;.<\/p>\n\n\n\n<p>Wypowiedzi Pana Lisa zaczerpn\u0119li\u015bmy z artyku\u0142u Pana Ksawerego Nowakowskiego we wspomnianym portalu i by\u0142 to nasz, jak nam si\u0119 wydaje, pierwszy kontakt z t\u0105 stron\u0105. <\/p>\n\n\n\n<p>Jako\u015b\u0107 tego tekstu pod wzgl\u0119dem stylistycznym, interpunkcji i po prostu jasno\u015bci przekazu, &#8222;przebija&#8221; wi\u0119kszo\u015b\u0107 tego, co czytamy w tak &#8222;renomowanym&#8221; portalu jak Onet. Ba! W Newsweeku, gdzie przecie\u017c wszystko musi przej\u015b\u0107 korekt\u0119, zdarzaj\u0105 si\u0119 straszne konstrukcje stylistyczne. &#8222;Pomponiku&#8221; &#8211; szacuneczek. <\/p>\n\n\n\n<p>ps. <\/p>\n\n\n\n<p>Panie Tomaszu. Cho\u0107 Pana dziennikarstwo &#8222;cenimy&#8221; w r\u00f3wnym stopniu co dziennikarstwo Pani Kim, ka\u017cdy cz\u0142owiek ma jedno zdrowie i jedno \u017cycie. Unikalne i niepowtarzalne i trzeba o nie dba\u0107. <\/p>\n\n\n\n<p>Niech Pan wyjedzie, odetnie si\u0119 od wszystkiego, odpocznie. Co si\u0119 sta\u0142o, to si\u0119 nie odstanie, a w obecnej rzeczywisto\u015bci jest Pan bez szans w walce o swoje &#8222;racje&#8221;. <\/p>\n\n\n\n<p>Niezale\u017cnie za jakich twardzieli si\u0119 uwa\u017camy, organizm kumuluje ciosy, a wylew to nie s\u0105 \u017carty. <\/p>\n\n\n\n<p><\/p>\n<p class=\"bawpvc-ajax-counter\" data-id=\"2408\"><\/p>","protected":false},"excerpt":{"rendered":"<p>C\u00f3\u017c&#8230; zdaje si\u0119 Pan Lis potwierdzi\u0142 wszystko to, co napisali\u015bmy <a class=\"more-link\" href=\"https:\/\/oko.pres-24.pl\/?p=2408\">Czytaj dalej \u2192<\/a><\/p>\n","protected":false},"author":1,"featured_media":0,"comment_status":"open","ping_status":"closed","sticky":false,"template":"","format":"standard","meta":{"footnotes":""},"categories":[1],"tags":[],"class_list":["post-2408","post","type-post","status-publish","format-standard","hentry","category-uncategorized"],"aioseo_notices":[],"_links":{"self":[{"href":"https:\/\/oko.pres-24.pl\/index.php?rest_route=\/wp\/v2\/posts\/2408","targetHints":{"allow":["GET"]}}],"collection":[{"href":"https:\/\/oko.pres-24.pl\/index.php?rest_route=\/wp\/v2\/posts"}],"about":[{"href":"https:\/\/oko.pres-24.pl\/index.php?rest_route=\/wp\/v2\/types\/post"}],"author":[{"embeddable":true,"href":"https:\/\/oko.pres-24.pl\/index.php?rest_route=\/wp\/v2\/users\/1"}],"replies":[{"embeddable":true,"href":"https:\/\/oko.pres-24.pl\/index.php?rest_route=%2Fwp%2Fv2%2Fcomments&post=2408"}],"version-history":[{"count":7,"href":"https:\/\/oko.pres-24.pl\/index.php?rest_route=\/wp\/v2\/posts\/2408\/revisions"}],"predecessor-version":[{"id":2571,"href":"https:\/\/oko.pres-24.pl\/index.php?rest_route=\/wp\/v2\/posts\/2408\/revisions\/2571"}],"wp:attachment":[{"href":"https:\/\/oko.pres-24.pl\/index.php?rest_route=%2Fwp%2Fv2%2Fmedia&parent=2408"}],"wp:term":[{"taxonomy":"category","embeddable":true,"href":"https:\/\/oko.pres-24.pl\/index.php?rest_route=%2Fwp%2Fv2%2Fcategories&post=2408"},{"taxonomy":"post_tag","embeddable":true,"href":"https:\/\/oko.pres-24.pl\/index.php?rest_route=%2Fwp%2Fv2%2Ftags&post=2408"}],"curies":[{"name":"wp","href":"https:\/\/api.w.org\/{rel}","templated":true}]}}