{"id":2392,"date":"2022-07-02T11:48:38","date_gmt":"2022-07-02T10:48:38","guid":{"rendered":"http:\/\/oko.pres-24.pl\/?p=2392"},"modified":"2022-07-02T11:52:45","modified_gmt":"2022-07-02T10:52:45","slug":"pan-donald-tusk-przemawia","status":"publish","type":"post","link":"https:\/\/oko.pres-24.pl\/?p=2392","title":{"rendered":"Pan Donald Tusk przemawia."},"content":{"rendered":"\n<p>Tak sobie s\u0142uchamy. Nie od pocz\u0105tku niestety, przem\u00f3wienia Pana Tuska. <\/p>\n\n\n\n<p>Ojojoj, jest grubo. <\/p>\n\n\n\n<p>Jest niekulturalnie, jest agresywnie, jest nienawistna mowa, szczucie itp. Czyli normalna mowa kampanijna. Pretensji nie mamy.<\/p>\n\n\n\n<p>S\u0105 te\u017c jednak do\u015b\u0107 powa\u017cne manipulacje podpadaj\u0105ce pod k\u0142amstwa, a tego nie lubimy. <\/p>\n\n\n\n<p>Trzeba b\u0119dzie na spokojnie pos\u0142ucha\u0107 jeszcze raz i opisa\u0107 co i jak, gdy\u017c nie lubimy, by k\u0142amca poucza\u0142 innych odno\u015bnie tego procederu. <\/p>\n\n\n\n<p>O w\u0142a\u015bnie manipulacja \ud83d\ude00 Ciekawe dlaczego wymieniaj\u0105c inflacj\u0119 w innych krajach UE (Malta!!!!), pomin\u0105\u0142 Pan Tusk republiki ba\u0142tyckie czy bezpo\u015bredniego s\u0105siada &#8211; Czechy. Niestety jest to chamskie wciskanie durnoty i ma Pan za to prostactwo wielkiego minusa. Dowodzi te\u017c niew\u0105tpliwie po raz setny, za jakich g\u0142upc\u00f3w Pan Tusk uwa\u017ca swoich wyborc\u00f3w. Przecie\u017c to \u017caden problem sprawdzi\u0107. <\/p>\n\n\n\n<p>Komentatorzy nie lubi\u0105 nazywa\u0107 Pana Tuska populist\u0105. Szukaj\u0105 innych s\u0142\u00f3w. Po niedawnych zapowiedziach, m.in. 20% podwy\u017cki dla urz\u0119dnik\u00f3w nie\u017ale si\u0119 gimnastykowali. <\/p>\n\n\n\n<p>To czego w\u0142a\u015bnie s\u0142uchamy to czysty populizm. Wzorcowy, podr\u0119cznikowy. <\/p>\n\n\n\n<p>C\u00f3\u017c, po\u017cyjemy &#8211; zobaczymy. W ko\u0144cu nawet Pan Tusk przyznaje, \u017ce pope\u0142ni\u0142 co najmniej jeden b\u0142\u0105d, kt\u00f3ry zrozumia\u0142 w\u0142a\u015bnie dzi\u0119ki PiSowi (wiek emerytalny).<\/p>\n\n\n\n<p>P\u00f3ki co PiS ma t\u0119 przewag\u0119, \u017ce jakie\u015b obietnice wyborcze spe\u0142ni\u0142a. Pod tym wzgl\u0119dem wynik w starciu Kaczy\u0144ski : Tusk, wynosi 1 : 0. <\/p>\n\n\n\n<p>S\u0142uchamy dalej. <\/p>\n<p class=\"bawpvc-ajax-counter\" data-id=\"2392\"><\/p>","protected":false},"excerpt":{"rendered":"<p>Tak sobie s\u0142uchamy. Nie od pocz\u0105tku niestety, przem\u00f3wienia Pana Tuska. <a class=\"more-link\" href=\"https:\/\/oko.pres-24.pl\/?p=2392\">Czytaj dalej \u2192<\/a><\/p>\n","protected":false},"author":1,"featured_media":0,"comment_status":"open","ping_status":"closed","sticky":false,"template":"","format":"standard","meta":{"footnotes":""},"categories":[1],"tags":[],"class_list":["post-2392","post","type-post","status-publish","format-standard","hentry","category-uncategorized"],"aioseo_notices":[],"_links":{"self":[{"href":"https:\/\/oko.pres-24.pl\/index.php?rest_route=\/wp\/v2\/posts\/2392","targetHints":{"allow":["GET"]}}],"collection":[{"href":"https:\/\/oko.pres-24.pl\/index.php?rest_route=\/wp\/v2\/posts"}],"about":[{"href":"https:\/\/oko.pres-24.pl\/index.php?rest_route=\/wp\/v2\/types\/post"}],"author":[{"embeddable":true,"href":"https:\/\/oko.pres-24.pl\/index.php?rest_route=\/wp\/v2\/users\/1"}],"replies":[{"embeddable":true,"href":"https:\/\/oko.pres-24.pl\/index.php?rest_route=%2Fwp%2Fv2%2Fcomments&post=2392"}],"version-history":[{"count":3,"href":"https:\/\/oko.pres-24.pl\/index.php?rest_route=\/wp\/v2\/posts\/2392\/revisions"}],"predecessor-version":[{"id":2396,"href":"https:\/\/oko.pres-24.pl\/index.php?rest_route=\/wp\/v2\/posts\/2392\/revisions\/2396"}],"wp:attachment":[{"href":"https:\/\/oko.pres-24.pl\/index.php?rest_route=%2Fwp%2Fv2%2Fmedia&parent=2392"}],"wp:term":[{"taxonomy":"category","embeddable":true,"href":"https:\/\/oko.pres-24.pl\/index.php?rest_route=%2Fwp%2Fv2%2Fcategories&post=2392"},{"taxonomy":"post_tag","embeddable":true,"href":"https:\/\/oko.pres-24.pl\/index.php?rest_route=%2Fwp%2Fv2%2Ftags&post=2392"}],"curies":[{"name":"wp","href":"https:\/\/api.w.org\/{rel}","templated":true}]}}