{"id":2386,"date":"2022-06-30T12:36:14","date_gmt":"2022-06-30T11:36:14","guid":{"rendered":"http:\/\/oko.pres-24.pl\/?p=2386"},"modified":"2022-07-14T05:27:47","modified_gmt":"2022-07-14T04:27:47","slug":"pana-tomasza-lisa-obrona-i-dlaczego-pan-zakowski-otwiera-szampana-fakt-nie-pytanie","status":"publish","type":"post","link":"https:\/\/oko.pres-24.pl\/?p=2386","title":{"rendered":"Pana Tomasza Lisa obrona? I dlaczego Pan \u017bakowski otwiera szampana (fakt, nie pytanie)."},"content":{"rendered":"\n<p>Czy opisane w mediach niew\u0142a\u015bciwe zachowania Redaktora Lisa faktycznie mia\u0142y miejsce? Jeste\u015bmy przekonani, i\u017c w 100% tak.<\/p>\n\n\n\n<p>S\u0105dzimy jednak, i\u017c by\u0142y one nieintencjonalne w tym sensie, \u017ce Pan Lis absolutnie nie uwa\u017ca\u0142, \u017ce robi co\u015b z\u0142ego.<\/p>\n\n\n\n<p>Redaktor Lis to po prostu wzorzec z Sevres idealnego Polaka III RP. Problem polega na tym, \u017ce wszyscy tacy by\u0107 nie mog\u0105, gdy\u017c nieod\u0142\u0105cznym elementem ukszta\u0142towania takiego cz\u0142owieka jest kariera \u201epo trupach\u201d.<\/p>\n\n\n\n<p>Self made man, kt\u00f3ry dzi\u0119ki swoim staraniom, trudom i ci\u0119\u017ckiej pracy doszed\u0142 do sukcesu, eliminuj\u0105c nie do\u015b\u0107 twardych, ewentualnie s\u0142abiej umocowanych towarzysko konkurent\u00f3w.<\/p>\n\n\n\n<p>Dzia\u0142o si\u0119 to w czasach, gdy media dos\u0142ownie wymusza\u0142y w spo\u0142ecze\u0144stwie szacunek wobec tych ludzi, podziw, uznanie. I nikt nie patrzy\u0142 na wdeptanych po drodze czy \u201edrobiazg\u201d nazywany wsp\u00f3lnot\u0105.<\/p>\n\n\n\n<p>Powsta\u0142a grupa celebryt\u00f3w &#8211; dziennikarzy, z wzorcowym \u201ewypaczeniem\u201d tego zawodu w postaci Pani Moniki Olejnik.<\/p>\n\n\n\n<p>Ta Pani to jednak przypadek skrajny, symbol perwersyjnego wr\u0119cz braku obiektywizmu, kultury i szacunku wzgl\u0119dem cz\u0142owieka kt\u00f3rego zaprosi\u0142o si\u0119 na rozmow\u0119, a kt\u00f3ry ma czelno\u015b\u0107 mie\u0107 inne od gospodyni zdanie. Ka\u017cdy wywiad s\u0142u\u017cy promocji swojej nieskromnej osoby (sesje zdj\u0119ciowe, dowodz\u0105ce utraty kontaktu z rzeczywisto\u015bci\u0105, tym razem przemilczmy).<\/p>\n\n\n\n<p>Najgorsze za\u015b, \u017ce wiele dziennikarek i dziennikarzy powiela ten &#8222;model&#8221;.<\/p>\n\n\n\n<p>Wracaj\u0105c do tematu.<\/p>\n\n\n\n<p>Pan Lis czy \u015bp. Pan Durczok, to by\u0142a realizacja pewnej szerszej spo\u0142ecznej wizji, a nawet misji, kt\u00f3rej towarzyszy\u0142 osobisty sukces, b\u0119d\u0105cy niejako owej misji potwierdzeniem.<\/p>\n\n\n\n<p>P\u0142yn\u0105ce zewsz\u0105d (tzn. z ich \u015brodowiska) podziwy, tylko umacnia\u0142y ich w s\u0142uszno\u015bci obranej drogi i rozgrzesza\u0142y z chamstwa wobec wsp\u00f3\u0142pracownik\u00f3w.<\/p>\n\n\n\n<p>Skoro moje \u017cycie jest pe\u0142ne sukces\u00f3w, to racja jest po mojej stronie. Umacniaj\u0105 mnie w tym podw\u0142adni, co oczywiste oraz politycy (co smutno-przezabawne).<\/p>\n\n\n\n<p>Zdewastowa\u0142 nas intelektualnie rocznicowy odcinek pi\u0105tkowego poranka TOK FM jeszcze za prezydentury B.Komorowskiego. W studiu obecna by\u0142a pe\u0142na \u201etrz\u00f3dka\u201d, czyli Pan \u017bakowski, plus Panowie Wo\u0142ek, Lis i W\u0142adyka. Wspomniany prezydent oraz jego poprzednicy dzwonili do programu z gratulacjami.<\/p>\n\n\n\n<p>Czasy si\u0119 zmieniaj\u0105 i ruch \u201eMe Too\u201d sporo namiesza\u0142. Odt\u0105d w USA do wi\u0119zienia nie mo\u017cna ju\u017c ze 100% pewno\u015bci\u0105 trafi\u0107 wy\u0142\u0105cznie za podatki ale i za sprawy obyczajowe, od kt\u00f3rych niedaleka droga do mobbingu.<\/p>\n\n\n\n<p>Ruch \u201erozla\u0142\u201d si\u0119 na ca\u0142y \u015bwiat i naturalnym celem owego ruchu s\u0105 ludzie pokroju Pana Lisa, \u015bp. Pana Durczoka, a z ostatnich, najg\u0142o\u015bniejszych przypadk\u00f3w, nies\u0142awnego Pana Mejzy .<\/p>\n\n\n\n<p>Oczywi\u015bcie ten ostatni to nie bran\u017ca medialna, niemniej to jeden do jednego to samo co przytoczeni dziennikarze.<\/p>\n\n\n\n<p>&#8222;M\u0142odzi&#8221;, pr\u0119\u017cni, wygadani, epatuj\u0105cy si\u0142\u0105 i pewno\u015bci\u0105 siebie. Parcie na szk\u0142o. Sukces.<\/p>\n\n\n\n<p>Ameryka po prostu.<\/p>\n\n\n\n<p>Oczywi\u015bcie ich kariery s\u0105 wpisane w szerszy kontekst. Zostali przygarni\u0119ci i zaopiekowani finansowo i medialnie. Nie musieli przy tym, jak to w ostatnich latach si\u0119 dzieje, sprzedawa\u0107 si\u0119. Taka by\u0142a rzeczywisto\u015b\u0107, taki by\u0142 schemat i promowana droga na szczyty. Omawiani Panowie, zapewne szczerze wierzyli w ten model spo\u0142eczny, oparty na indywidualnym sukcesie.<\/p>\n\n\n\n<p>Trzeba zapewni\u0107 okre\u015blon\u0105 jako\u015b\u0107, wi\u0119c j\u0105 zapewniamy. Na empati\u0119 nie ma tu miejsca. Ja odpowiadam za ca\u0142o\u015b\u0107. Je\u015bli co\u015b spartolisz, idzie to na moje konto. Nie spartol wi\u0119c.<\/p>\n\n\n\n<p>Ta konstrukcja z punktu widzenia ekonomicznego ma sens, z punktu widzenia ludzkiego sk\u0142ania do lizusostwa i niszczenia podleg\u0142ych ludzi.<\/p>\n\n\n\n<p>Kreowanie. Min\u0119\u0142o ju\u017c wiele lat od czasu \u015blubu Pana Lisa z Pani\u0105 Rusin i cho\u0107 temat ten nijak nas nie interesowa\u0142, to i tak atakowa\u0142 nas z ka\u017cdej strony i musieli\u015bmy wiedzie\u0107 co i jak, mniej wi\u0119cej w ten sam spos\u00f3b, w jaki wiemy kto to s\u0105 Kardashanki, cho\u0107 wiedza ta nas \u201eboli\u201d.<\/p>\n\n\n\n<p>Jaki\u015b czas temu przeprowadzono badania pokazuj\u0105ce, \u017ce szefowie, przedsi\u0119biorcy prowadz\u0105cy biznes maj\u0105 osobowo\u015bci despotyczne. I jest to regu\u0142a, nie wyj\u0105tek.<\/p>\n\n\n\n<p>Ludzie tacy jak Pan Lis to samce alfa. Szowinizm. Si\u0142a i testosteron. Czym s\u0105 maratony, w kt\u00f3rych udzia\u0142 podkre\u015blaj\u0105 dziennikarskie i polityczne \u201eikony\u201d, z Panem Tuskiem na czele.<\/p>\n\n\n\n<p>To \u201eobsikiwanie\u201d terenu. To pokazywanie: jestem silny, jestem alfa.<\/p>\n\n\n\n<p>P\u0142ac\u0119 ci, wi\u0119c wymagam. Zarabiasz dzi\u0119ki mnie, wi\u0119c mnie s\u0142uchaj. Gdzie by\u0142by\u015b beze mnie? Ja p\u0142ac\u0119, ja dyktuj\u0119 warunki i w og\u00f3le wolno mi wi\u0119cej. W ko\u0144cu mnie te\u017c rozliczaj\u0105 z wynik\u00f3w.<\/p>\n\n\n\n<p>To w\u0142a\u015bnie s\u0142owo klucz: wyniki.<\/p>\n\n\n\n<p>To przekle\u0144stwo minionych lat i naszego modelu gospodarczo-spo\u0142ecznego.<\/p>\n\n\n\n<p>I teraz prosz\u0119 sobie wyobrazi\u0107. Przychodzi do redakcji Newsweeka m\u0142ody\/a albo i niem\u0142ody\/a, w ka\u017cdym razie lewicowy\/a idealista\/ka, jacy prowadz\u0105 niekt\u00f3re audycje w TOK FM, albo cz\u0119sto s\u0105 zapraszani do owej rozg\u0142o\u015bni. Wierzy on\/a w te wszystkie, z punktu widzenia ludzi jak Pan Lis, dziwne \u2026hmmm\u2026 idee.(1)<\/p>\n\n\n\n<p>I szlag Pana Lisa trafia, gdy s\u0142yszy podczas zebrania redakcji jakie\u015b \u201eoryginalne\u201d propozycje z ust cz\u0142owieka, dla kt\u00f3rego wyniki s\u0105 na drugim planie, a licz\u0105 si\u0119 idee, spo\u015br\u00f3d kt\u00f3rych cz\u0119\u015b\u0107, dla cz\u0142owieka pami\u0119taj\u0105cego jeszcze siermi\u0119\u017cne czasy PRL, to jakie\u015b \u201epotworki\u201d.<\/p>\n\n\n\n<p>I co robi staro\u015bwiecki, kapitalistyczny szef, dbaj\u0105cy o jako\u015b\u0107 swojej firmy wed\u0142ug tradycyjnych, konserwatywnych standard\u00f3w? Wy\u015bmiewa jego zdaniem \u201eg\u0142upka\u201d.<\/p>\n\n\n\n<p>To jest norma w biznesie w naszym modelu gospodarczo-spo\u0142ecznym.<\/p>\n\n\n\n<p>Hmmm\u2026 tak nam w\u0142a\u015bnie przysz\u0142o do g\u0142owy. Pani Renata Kim. Cho\u0107 ju\u017c nie najm\u0142odsza i zdaje si\u0119 nie najgorzej umocowana w \u015brodowisku, to ta Pani miewa takie \u201eodloty\u201d, \u017ce jeste\u015bmy sobie w stanie wyobrazi\u0107 irytacj\u0119 Pana Naczelnego na jaki\u015b oryginalny pomys\u0142 Redaktorki Renaty.<\/p>\n\n\n\n<p>Na marginesie wywewn\u0119trznimy si\u0119 tu Pa\u0144stwu, \u017ce to przecudne uczucie, gdy mamy szefa gnoja, ale mo\u017cemy sobie pozwoli\u0107 na powiedzenie mu, \u017ce jest\u2026. Trzeba jednak albo mie\u0107 poduszk\u0119 finansow\u0105 albo fach zapewniaj\u0105cy pewno\u015b\u0107 znalezienia pracy.<\/p>\n\n\n\n<p>W przypadku wi\u0119c posiadania szefa takiego typu, wszystkim Pa\u0144stwu \u017cyczymy powy\u017cszego.<\/p>\n\n\n\n<p>Co jednak maj\u0105 zrobi\u0107 dziennikarze bez \u201enazwiska\u201d w sytuacji kurczenia si\u0119 rynku medi\u00f3w tradycyjnych?<\/p>\n\n\n\n<p>K\u0142ad\u0105c uszy po sobie i pokorniej\u0105c, gdy\u017c \u201eza co\u015b \u017cy\u0107 trzeba\u201d, skazuj\u0105 si\u0119, w bli\u017cszej b\u0105d\u017a dalszej perspektywie na jak\u0105\u015b form\u0119 depresji i brak szacunku do samego siebie.<\/p>\n\n\n\n<p>Artyku\u0142 si\u0119 rozrasta, wi\u0119c tylko kr\u00f3tko wspomnimy o samej depresji. Co to jest wie niemal wy\u0142\u0105cznie ten, kto jej do\u015bwiadczy\u0142. Wiadomo, \u017ce jest r\u00f3\u017cna podatno\u015b\u0107 na ni\u0105 i mo\u017cliwe, \u017ce osobowo\u015bci Pan\u00f3w Lisa i Durczoka nale\u017ca\u0142y do tych z gatunku \u201eco nas nie zabije, to nas wzmocni\u201d. Opisywany przez nas wzorzec self made mana promowa\u0142 takich ludzi.<\/p>\n\n\n\n<p>Cz\u0142owiek, kt\u00f3ry wie, co to znaczy by\u0107 niszczony przez prze\u0142o\u017conego i z jakimi kosztami si\u0119 to wi\u0105\u017ce, by\u0142by idealnym szefem zw\u0142aszcza dla pocz\u0105tkuj\u0105cego pracownika.<\/p>\n\n\n\n<p>Tylko czy szefem zostanie kto\u015b z wysokim stopniem empatii, skoro sukces w biznesie zapewnia darwinizm, a \u201eprezes\u201d jest przekonany, i\u017c marnowana jest jego ci\u0119\u017cko wypracowana \u201ekrwawica\u201d?<\/p>\n\n\n\n<p>Generalnie chodzi o starcie starego z nowym i cieszymy si\u0119 z tego procesu, nawet pomimo faktu, i\u017c nasi rodzimi, obyczajowi lewicowcy czasem odlatuj\u0105 w przedziwne rejony.<\/p>\n\n\n\n<p>Przepe\u0142nieni pi\u0119knymi idea\u0142ami i deklaratywn\u0105 mi\u0142o\u015bci\u0105, uruchamiaj\u0105 wszystkie dost\u0119pne sobie &#8222;maszynki&#8221; by zniszczy\u0107 ludzi o odmiennych od ich pogl\u0105dach.<\/p>\n\n\n\n<p>Tymczasem\u2026 kto si\u0119 najbardziej cieszy z upadku Pana Lisa?<\/p>\n\n\n\n<p>\u2026<\/p>\n\n\n\n<p>Oczywi\u015bcie Redaktor \u017bakowski.<\/p>\n\n\n\n<p>\u2026<\/p>\n\n\n\n<p>Oj, w niejednej pi\u0105tkowej audycji&nbsp; w Radiu TOK FM, gdzie gospodarzem jest \u00f3w Pan, da\u0142o si\u0119 wyczu\u0107 kompleks prowadz\u0105cego wobec by\u0142ego ju\u017c szefa Newsweeka.<\/p>\n\n\n\n<p>Zdarza\u0142y si\u0119 jednoznaczne zaczepki i prowokacje.<\/p>\n\n\n\n<p>Pan\u00f3w dw\u00f3ch \u0142\u0105czy bowiem tylko antykaczyzm, r\u00f3\u017cni ca\u0142a reszta.<\/p>\n\n\n\n<p>Pan Lis, jako si\u0119 rzek\u0142o, to darwinista, z nazwiskiem kt\u00f3re wzbudza dr\u017cenie u niejednego podw\u0142adnego (st\u0105d zamieszanie z zeznaniami pod nazwiskiem \u201emobbingowanych\u201d przez by\u0142ego ju\u017c naczelnego Newsweeka.<\/p>\n\n\n\n<p>Pan \u017bakowski to skrajny lewicowiec, \u201ewra\u017cliwy\u201d ale niestety z mega-przechy\u0142em w stron\u0119, gdzie ideologia przykrywa cz\u0142owieka. Czasami, gdy s\u0142uchamy Pana \u017bakowskiego odnosimy wra\u017cenia, \u017ce w imi\u0119 realizacji swoich pi\u0119knych wizji, by\u0142by on zdolny do wielu ofiar. Problem w tym, \u017ce ofiarami byliby nie zgadzaj\u0105cy si\u0119 z t\u0105 jego wizj\u0105 \u015bwiata ludzie.<\/p>\n\n\n\n<p>Do\u015bwiadcza tego Pan Wo\u0142ek, traktowany przez Pana \u017b. z pob\u0142a\u017cliwo\u015bci\u0105 w porywach przechodz\u0105c\u0105 w lekcewa\u017cenie. Pan Wo\u0142ek jest jednak niegro\u017any. To po prostu Pan Wo\u0142ek, cho\u0107 kilka razy da\u0142 dow\u00f3d, \u017ce pod wzgl\u0119dem wiedzy teoretycznej z niekt\u00f3rych dziedzin, przewy\u017csza swoich koleg\u00f3w z \u201etrz\u00f3dki\u201d. Nie stanowi jednak konkurencji dla Pana \u017bakowskiego czy Lisa. Nie \u201eobsikuje\u201d terenu.<\/p>\n\n\n\n<p>Jeszcze mniej mo\u017cna powiedzie\u0107 o Panu W\u0142adyce. Brak barwy. Jest i tyle.<\/p>\n\n\n\n<p>Nie w\u0105tpimy wi\u0119c, i\u017c Pan \u017bakowski nie sprzeciwi\u0142 si\u0119 podczas redakcyjnych narad w TOK FM \u201egrillowaniu\u201d Pana Lisa. Podejrzewamy nawet pewien entuzjazm.<\/p>\n\n\n\n<p>W pi\u0105tkowy poranek, gdy wybuch\u0142a afera, dos\u0142ownie minuty przed pocz\u0105tkiem audycji \u201einternety\u201d wrzuci\u0142y nam info o lobbingu w Newsweeku. Przed drugim &#8222;wej\u015bciem&#8221; na anten\u0119 go\u015bci, w tym Pana Lisa, w TOK-owych informacjach pojawi\u0142 si\u0119 ten news.<\/p>\n\n\n\n<p>Grillowanie si\u0119 zacz\u0119\u0142o i w\u0105tek ten powraca\u0142 przez kilka kolejnych dni regularnie w autorskich audycjach oraz informacjach.<\/p>\n\n\n\n<p>Jest 30 czerwca 2022 r. Co dzie\u0144 sprawdzamy na Onecie. Oczywi\u015bcie mog\u0142o nam umkn\u0105\u0107 ale wydaje si\u0119 nam \u017ce jeszcze w portalu \u201ekolegi\u201d ani razu nie pojawi\u0142a si\u0119 informacja o oskar\u017ceniach wobec Pana Tomasza.<\/p>\n\n\n\n<p>Prawdziwych przyjaci\u00f3\u0142 poznaje si\u0119 w \u201ebiedzie\u201d.<\/p>\n\n\n\n<p>Przypisy: <\/p>\n\n\n\n<p>(1) Prawd\u0119 m\u00f3wi\u0105c, te idee i dla skrajnie &#8222;post\u0119powego&#8221; TOK FM bywaj\u0105 zbyt radykalne, czego dowodzi historia Pani Karoliny Kowalskiej. Do jej usuni\u0119cia ze stacji nie przyczyni\u0142y si\u0119 &#8222;obyczajowe&#8221; tematy poruszane na antenie, po wys\u0142uchaniu kt\u00f3rych czasami m\u00f3zg nam &#8222;parowa\u0142&#8221;. Powodem by\u0142o uderzenie po kieszeni, kt\u00f3re prowadz\u0105ca &#8222;Analizy&#8221; zaserwowa\u0142a swojemu pracodawcy.<\/p>\n<p class=\"bawpvc-ajax-counter\" data-id=\"2386\"><\/p>","protected":false},"excerpt":{"rendered":"<p>Czy opisane w mediach niew\u0142a\u015bciwe zachowania Redaktora Lisa faktycznie mia\u0142y <a class=\"more-link\" href=\"https:\/\/oko.pres-24.pl\/?p=2386\">Czytaj dalej \u2192<\/a><\/p>\n","protected":false},"author":1,"featured_media":0,"comment_status":"open","ping_status":"closed","sticky":false,"template":"","format":"standard","meta":{"footnotes":""},"categories":[1],"tags":[],"class_list":["post-2386","post","type-post","status-publish","format-standard","hentry","category-uncategorized"],"aioseo_notices":[],"_links":{"self":[{"href":"https:\/\/oko.pres-24.pl\/index.php?rest_route=\/wp\/v2\/posts\/2386","targetHints":{"allow":["GET"]}}],"collection":[{"href":"https:\/\/oko.pres-24.pl\/index.php?rest_route=\/wp\/v2\/posts"}],"about":[{"href":"https:\/\/oko.pres-24.pl\/index.php?rest_route=\/wp\/v2\/types\/post"}],"author":[{"embeddable":true,"href":"https:\/\/oko.pres-24.pl\/index.php?rest_route=\/wp\/v2\/users\/1"}],"replies":[{"embeddable":true,"href":"https:\/\/oko.pres-24.pl\/index.php?rest_route=%2Fwp%2Fv2%2Fcomments&post=2386"}],"version-history":[{"count":4,"href":"https:\/\/oko.pres-24.pl\/index.php?rest_route=\/wp\/v2\/posts\/2386\/revisions"}],"predecessor-version":[{"id":2421,"href":"https:\/\/oko.pres-24.pl\/index.php?rest_route=\/wp\/v2\/posts\/2386\/revisions\/2421"}],"wp:attachment":[{"href":"https:\/\/oko.pres-24.pl\/index.php?rest_route=%2Fwp%2Fv2%2Fmedia&parent=2386"}],"wp:term":[{"taxonomy":"category","embeddable":true,"href":"https:\/\/oko.pres-24.pl\/index.php?rest_route=%2Fwp%2Fv2%2Fcategories&post=2386"},{"taxonomy":"post_tag","embeddable":true,"href":"https:\/\/oko.pres-24.pl\/index.php?rest_route=%2Fwp%2Fv2%2Ftags&post=2386"}],"curies":[{"name":"wp","href":"https:\/\/api.w.org\/{rel}","templated":true}]}}