{"id":2335,"date":"2022-03-26T18:17:39","date_gmt":"2022-03-26T17:17:39","guid":{"rendered":"http:\/\/oko.pres-24.pl\/?p=2335"},"modified":"2022-04-08T05:22:05","modified_gmt":"2022-04-08T04:22:05","slug":"marszalek-t-grodzki-czy-to-juz-zdrada-stanu","status":"publish","type":"post","link":"https:\/\/oko.pres-24.pl\/?p=2335","title":{"rendered":"Marsza\u0142ek T.Grodzki. Czy to ju\u017c zdrada stanu?"},"content":{"rendered":"\n<p>Dos\u0142ownie przed minut\u0105 zapoznali\u015bmy si\u0119 z umieszczon\u0105 na Onecie wypowiedzi\u0105 Pana Marsza\u0142ka. Potrzebujemy chwili \u017ceby och\u0142on\u0105\u0107 ale raczej nie ma w\u0105tpliwo\u015bci, i\u017c ta wypowied\u017a uderza w interesy Polski, OJCZYZNY Pana Grodzkiego. <\/p>\n\n\n\n<p>Na miejscu PiS, przed najbli\u017cszymi wyborami ta wypowied\u017a by\u0142aby naszym g\u0142\u00f3wnym przekazem do wyborc\u00f3w PO. Nie przeci\u0105gnie ona oczywi\u015bcie wyborc\u00f3w partii Pana D.Tuska do partii Pana J.Kaczy\u0144skiego, ale ju\u017c przepchn\u0105\u0107 do Ho\u0142owni mo\u017ce. <\/p>\n\n\n\n<p>Zapewne sztabowcom Pana Ho\u0142owni nie umknie ta okoliczno\u015b\u0107 i dorzuc\u0105 swoje &#8222;3 grosze&#8221;. <\/p>\n\n\n\n<p>D.Tusk w tej chwili prawdopodobnie \u0142apie si\u0119 za g\u0142ow\u0119. <\/p>\n\n\n\n<p><strong>Dla jasno\u015bci. Gdyby wypowied\u017a Pana Marsza\u0142ka by\u0142a skierowana na nasze w\u0142asne podw\u00f3rko nie robiliby\u015bmy problemu. Jego s\u0142owa s\u0105 jednak skierowane do Ukrai\u0144c\u00f3w, do ukrai\u0144skiego parlamentu. I z tego punktu widzenia jest to bezpo\u015brednie uderzenie w interesy Polski. <\/strong><\/p>\n\n\n\n<p>Wypowied\u017a Pana Marsza\u0142ka jest zagrywk\u0105 czysto polityczn\u0105, maj\u0105c\u0105 uderzy\u0107 w rz\u0105d zjednoczonej prawicy w oczach Ukrai\u0144c\u00f3w, ale wi\u0119kszo\u015b\u0107 z nich <strong>nie kojarzy tego czy innego polskiego ugrupowania<\/strong>. Z tego powodu s\u0142owa Pana Grodzkiego w rzeczywisto\u015bci niszcz\u0105 w oczach Ukrai\u0144c\u00f3w pozytywny wizerunek Polski i Polak\u00f3w jako ca\u0142o\u015bci. <\/p>\n\n\n\n<p>I dzieje si\u0119 to momencie, gdy by\u0142a szansa, by wszelkie historyczne rany i krzywdy pomi\u0119dzy Polsk\u0105 i Ukrain\u0105 zosta\u0142y zapomniane. <\/p>\n\n\n\n<p>Tak na gor\u0105co&#8230; pierwsze por\u00f3wnanie kt\u00f3re nam si\u0119 nasuwa, to haniebna dzia\u0142alno\u015b\u0107 z\u0142ego cz\u0142owieka Pana T.Grossa. <\/p>\n\n\n\n<p>Pan Grodzki nie ma jednak takiego parasola ochronnego. <\/p>\n\n\n\n<p>Mo\u017ce by tak Trybuna\u0142 Stanu si\u0119 wreszcie do czego\u015b przyda\u0142?<\/p>\n\n\n\n<p>`Wypowied\u017a Marsza\u0142ka Grodzkiego (cytat za Onet.pl): &#8222;[&#8230;] musz\u0119 Was przeprosi\u0107 za to, \u017ce niekt\u00f3re firmy w haniebny spos\u00f3b kontynuuj\u0105 dzia\u0142alno\u015b\u0107 w Rosji, \u017ce nadal przez Polsk\u0119 jad\u0105 tysi\u0105ce tir\u00f3w na Bia\u0142oru\u015b i dalej, \u017ce nadal rz\u0105d importuje rosyjski w\u0119giel i nie potrafi zamrozi\u0107 aktyw\u00f3w rosyjskich oligarch\u00f3w. W ten spos\u00f3b z niedaj\u0105c\u0105 si\u0119 zaakceptowa\u0107 hipokryzj\u0105 nadal \u2014 nawet wbrew intencjom \u2014 finansujemy zbrodniczy re\u017cim, kt\u00f3ry zdobyte pieni\u0105dze zu\u017cywa na mordowanie niewinnych ludzi. Agresor musi by\u0107 ca\u0142kowicie izolowany i musi bole\u015bnie odczu\u0107, \u017ce \u015bwiat twardo stoi po stronie zaatakowanych i nie pozwoli na rze\u017a Ukrainy.&#8221;<\/p>\n<p class=\"bawpvc-ajax-counter\" data-id=\"2335\"><\/p>","protected":false},"excerpt":{"rendered":"<p>Dos\u0142ownie przed minut\u0105 zapoznali\u015bmy si\u0119 z umieszczon\u0105 na Onecie wypowiedzi\u0105 <a class=\"more-link\" href=\"https:\/\/oko.pres-24.pl\/?p=2335\">Czytaj dalej \u2192<\/a><\/p>\n","protected":false},"author":1,"featured_media":0,"comment_status":"open","ping_status":"closed","sticky":false,"template":"","format":"standard","meta":{"footnotes":""},"categories":[1],"tags":[],"class_list":["post-2335","post","type-post","status-publish","format-standard","hentry","category-uncategorized"],"aioseo_notices":[],"_links":{"self":[{"href":"https:\/\/oko.pres-24.pl\/index.php?rest_route=\/wp\/v2\/posts\/2335","targetHints":{"allow":["GET"]}}],"collection":[{"href":"https:\/\/oko.pres-24.pl\/index.php?rest_route=\/wp\/v2\/posts"}],"about":[{"href":"https:\/\/oko.pres-24.pl\/index.php?rest_route=\/wp\/v2\/types\/post"}],"author":[{"embeddable":true,"href":"https:\/\/oko.pres-24.pl\/index.php?rest_route=\/wp\/v2\/users\/1"}],"replies":[{"embeddable":true,"href":"https:\/\/oko.pres-24.pl\/index.php?rest_route=%2Fwp%2Fv2%2Fcomments&post=2335"}],"version-history":[{"count":6,"href":"https:\/\/oko.pres-24.pl\/index.php?rest_route=\/wp\/v2\/posts\/2335\/revisions"}],"predecessor-version":[{"id":2351,"href":"https:\/\/oko.pres-24.pl\/index.php?rest_route=\/wp\/v2\/posts\/2335\/revisions\/2351"}],"wp:attachment":[{"href":"https:\/\/oko.pres-24.pl\/index.php?rest_route=%2Fwp%2Fv2%2Fmedia&parent=2335"}],"wp:term":[{"taxonomy":"category","embeddable":true,"href":"https:\/\/oko.pres-24.pl\/index.php?rest_route=%2Fwp%2Fv2%2Fcategories&post=2335"},{"taxonomy":"post_tag","embeddable":true,"href":"https:\/\/oko.pres-24.pl\/index.php?rest_route=%2Fwp%2Fv2%2Ftags&post=2335"}],"curies":[{"name":"wp","href":"https:\/\/api.w.org\/{rel}","templated":true}]}}