{"id":2319,"date":"2022-03-13T14:24:38","date_gmt":"2022-03-13T13:24:38","guid":{"rendered":"http:\/\/oko.pres-24.pl\/?p=2319"},"modified":"2022-03-14T19:52:05","modified_gmt":"2022-03-14T18:52:05","slug":"2319","status":"publish","type":"post","link":"https:\/\/oko.pres-24.pl\/?p=2319","title":{"rendered":"Pytanie retoryczne: &#8222;Kto w Polsce skorzysta(\u0142) na wojnie&#8221;?"},"content":{"rendered":"\n<p>Przy ca\u0142ej tragedii, kt\u00f3r\u0105 wojna na wschodzie niesie setkom tysi\u0119cy ludzi, oczywistym jest, i\u017c PiS-owi, a zw\u0142aszcza Prezydentowi RP, spad\u0142a ona z &#8222;nieba&#8221;. O tym jednak p\u00f3\u017aniej. <\/p>\n\n\n\n<p>Bardzo si\u0119 &#8222;rozpalili&#8221; po wybuchu wojny na Ukrainie nasi rodzimi przeciwnicy istnienia pa\u0144stw narodowych. Stali si\u0119 z nich autentyczni nacjonali\u015bci, p\u00f3ki co ukrai\u0144scy. <\/p>\n\n\n\n<p>Ci sami dziennikarze\/komentatorzy i politycy, kt\u00f3rzy tak za\u017carcie zwalczali polski nacjonalizm, teraz z r\u00f3wnym zaanga\u017cowaniem wspieraj\u0105 jego ukrai\u0144ski odpowiednik. Wzburzenie, ochy i achy, \u0142ami\u0105ce si\u0119 g\u0142osy. <\/p>\n\n\n\n<p>Niekt\u00f3rych artyku\u0142\u00f3w si\u0119 czyta\u0107 nie da przez przyt\u0142oczenie warto\u015bciuj\u0105cymi zwrotami. Wszyscy wiedz\u0105, \u017ce Putin jest agresorem, a broni\u0105ca si\u0119 Ukraina ma prawo do samostanowienia. <\/p>\n\n\n\n<p>Pojawiaj\u0105ce si\u0119 jednak co drugie zdanie zwroty jak ten: &#8222;Putin powiedzia\u0142 OCZYWI\u015aCIE k\u0142amliwe&#8230;&#8221; to \u017cenada. Ech&#8230; to kolejny dow\u00f3d na to, za jakich g\u0142upk\u00f3w uwa\u017caj\u0105 swoich odbiorc\u00f3w niekt\u00f3re media. Mo\u017ce zreszt\u0105 maj\u0105 racj\u0119.<\/p>\n\n\n\n<p>Uprzejmie informujemy m.in. pracownik\u00f3w TVN 24 oraz TOK FM, i\u017c formu\u0142a &#8222;S\u0142awa Ukrajini&#8221; to odpowiednik zwrotu, jakim witaj\u0105 si\u0119 polscy nacjonali\u015bci (jakikolwiek on jest). <\/p>\n\n\n\n<p>Tak, wiemy. Wcale wam nie jest z tego powodu g\u0142upio. <\/p>\n\n\n\n<p>Gra na emocjach zaczyna osi\u0105ga\u0107 poziom absurdu. Ju\u017c pojawi\u0142y si\u0119 &#8222;p\u0142aczliwe&#8221; reklamy, apeluj\u0105ce oczywi\u015bcie o wp\u0142aty, od kt\u00f3rych rozdysponowania, jak to zwykle bywa, organizatorzy pobior\u0105 prowizj\u0119\/wynagrodzenie. Jak zwykle na tragedii ludzkiej wielu si\u0119 upasie. <\/p>\n\n\n\n<p>Skaczemy pomi\u0119dzy TOK FM, TVN24 i Onetow\u0105 telewizj\u0105. Ale\u017c dysproporcja. Dwie pierwsze stacje to wspomniane ochy, achy i gra na emocjach. Onet wypada przy nich jak wzorzec profesjonalizmu. Konkretnie, rzeczowo, bez zb\u0119dnego epatowania emocjami (przynajmniej w tych momentach, gdy nie mog\u0105c s\u0142ucha\u0107 dw\u00f3ch wspomnianych stacji, prze\u0142\u0105czali\u015bmy si\u0119 na Onet). Dzi\u0119kujemy, cho\u0107 i tak si\u0119 teraz doczepimy, bo &#8222;urocze&#8221; jest obecne na Onecie t\u0142umaczenie, dlaczego Niemcy si\u0119 tak, a nie inaczej zachowa\u0142y.  (I te artyku\u0142y ze zwrotami &#8222;PONOWNIE sk\u0142ama\u0142&#8221; itp.  ech&#8230;).<\/p>\n\n\n\n<p>Przebieg pierwszych dni walk potwierdza oczywisty fakt, i\u017c je\u015bli inni maj\u0105 ci pom\u00f3c, musisz potrafi\u0107 najpierw pom\u00f3c sobie sam. Gdyby Putin przespacerowa\u0142 si\u0119 po Ukrainie jak w 2014 r., Zach\u00f3d podpisa\u0142by co trzeba w imi\u0119 &#8222;pokoju&#8221;. Op\u00f3r Ukrai\u0144c\u00f3w da\u0142 czas, by presja wywierana na wahaj\u0105ce si\u0119 kraje przekroczy\u0142a punkt krytyczny i sk\u0142oni\u0142a je do dzia\u0142ania, zreszt\u0105, jak dowodzi przyk\u0142ad Niemiec, d\u0142ugo symbolicznego (w tych okoliczno\u015bciach). <\/p>\n\n\n\n<p>Je\u015bli pa\u0144stwo ma istnie\u0107, potrzebni s\u0105 ludzie, kt\u00f3rzy si\u0119  z nim uto\u017csamiaj\u0105, kt\u00f3rzy s\u0105 w stanie ryzykowa\u0107 swoje \u017cycie w jego obronie. Podkre\u015blamy, nie umrze\u0107 za kraj, bo nie o to chodzi, cho\u0107 symbole si\u0119 przydaj\u0105. Cytuj\u0105c (podobno) Pattona: &#8222;To przeciwnik ma odda\u0107 \u017cycie za sw\u00f3j kraj&#8230;&#8221;. <\/p>\n\n\n\n<p>W ostatnich latach wielu komunizuj\u0105cych naszych rodak\u00f3w, urz\u0105dza\u0142o sobie wycieczk\u0119 po Trylogii Sienkiewicza. Jakby nie rozumieli, jakie znaczenie odegra\u0142y te ksi\u0105\u017cki w odrodzeniu pa\u0144stwa polskiego. Prawd\u0119 m\u00f3wi\u0105c rozumiej\u0105, st\u0105d ich atak ale i nasze prawo, by nazywa\u0107 ich &#8222;pi\u0105t\u0105 kolumn\u0105&#8221;. <\/p>\n\n\n\n<p>Czy w \u015bwietle ostatnich wydarze\u0144 tych, kt\u00f3rzy m.in. krytykuj\u0105c Trylogi\u0119, &#8222;ducha w narodzie gasili&#8221; nie mo\u017cna nazwa\u0107 &#8222;zdrajcami&#8221;? <\/p>\n\n\n\n<p>Pozdrawiamy cz\u0119\u015b\u0107 obsady i go\u015bci radia TOK FM \ud83d\ude41<\/p>\n\n\n\n<p>Z naszej, polskiej perspektywy dziej\u0105 si\u0119 rzeczy wielkie. <\/p>\n\n\n\n<p>To w\u0142a\u015bnie teraz kszta\u0142tuje si\u0119 naprawd\u0119 nar\u00f3d ukrai\u0144ski, podzielony przez stulecia rosyjskiej okupacji. <\/p>\n\n\n\n<p>Nadal nie\u0142atwo uwierzy\u0107, \u017ce Ukraina zachowa swoj\u0105 integralno\u015b\u0107 ale nieporadno\u015b\u0107 rosyjskiej armii osi\u0105ga poziom absurdalny.<\/p>\n\n\n\n<p>Nawet gdyby suwerenno\u015b\u0107 Ukrainy ponownie sta\u0142a si\u0119 fikcj\u0105, pami\u0119\u0107 o walkach przeciw Rosji stanie si\u0119 tym, co utrwala\u0107 b\u0119dzie to\u017csamo\u015b\u0107 ukrai\u0144sk\u0105 przez pokolenia.  <\/p>\n\n\n\n<p>Jest te\u017c szansa, i\u017c masowa pomoc Polak\u00f3w dla uciekaj\u0105cych Ukrai\u0144c\u00f3w odegra podobn\u0105 rol\u0119 w stosunkach naszych narod\u00f3w. Je\u015bli bowiem, w przysz\u0142o\u015bci, jakie\u015b \u015brodowiska na Ukrainie pr\u00f3bowa\u0107 b\u0119d\u0105 gra\u0107 kart\u0105 antypolsk\u0105, te tysi\u0105ce kobiet, kt\u00f3re znalaz\u0142y w Polsce schronienie, powiedz\u0105 im: &#8222;Zamknijcie si\u0119, gdy byli\u015bmy w potrzebie, oni nam pomogli.&#8221;<\/p>\n\n\n\n<p>Niestety, gdy piszemy te s\u0142owa, ju\u017c docieraj\u0105 do nas sygna\u0142y zak\u0142\u00f3caj\u0105ce powy\u017csz\u0105 wizj\u0119.<\/p>\n\n\n\n<p>Tymczasem. <\/p>\n\n\n\n<p>Kto na naszym podw\u00f3rku skorzysta na konflikcie? <\/p>\n\n\n\n<p>Oczywi\u015bcie obecna ekipa rz\u0105dz\u0105ca. <\/p>\n\n\n\n<p>Wojna to tak powa\u017cna sprawa, \u017ce spycha na dalszy plan wszystko inne i opozycja ma z tego powodu nie\u0142atw\u0105 przepraw\u0119. (Ten text powstawa\u0142 kilka dni i w momencie jego oddania mo\u017cemy stwierdzi\u0107, i\u017c powy\u017csze zdanie by\u0142o pobo\u017cnym \u017cyczeniem).<\/p>\n\n\n\n<p>Media mniej si\u0119 kryguj\u0105. Niemal od pierwszej chwili da\u0142o si\u0119 wyczu\u0107 w nich przera\u017cenie wynikaj\u0105ce ze \u015bwiadomo\u015bci, i\u017c wojna na wschodzie wzmocni pozycj\u0119 mi\u0119dzynarodow\u0105 &#8222;dobrej zmiany&#8221;.<\/p>\n\n\n\n<p>\u015awiadome czasu graj\u0105cego na korzy\u015b\u0107 rz\u0105du &#8222;jedynie s\u0142uszne media&#8221; wciskaj\u0105 gdzie si\u0119 da materia\u0142y go atakuj\u0105ce. <\/p>\n\n\n\n<p>Bywa\u0142o bowiem zabawnie. <\/p>\n\n\n\n<p>Nie spos\u00f3b nie by\u0142o si\u0119 u\u015bmiechn\u0105\u0107, s\u0142ysz\u0105c prowadzone na \u017cywo rozmowy ze studia z Ukrai\u0144cami przebywaj\u0105cymi na atakowanych terenach. Podzi\u0119kowania dla polskiego Prezydenta przeplata\u0142y si\u0119 z pro\u015bbami o modlitw\u0119. <\/p>\n\n\n\n<p>Dla zasady tylko wspomnimy, i\u017c zar\u00f3wno Pan Prezydent jak i modlitwa maj\u0105 dosy\u0107 niski priorytet we wspomnianych stacjach. <\/p>\n\n\n\n<p>Hmmmm. Od kilku dni nie s\u0142yszeli\u015bmy rozm\u00f3w live, z normalnymi lud\u017ami,  z ostrzeliwanych teren\u00f3w. Nie\u0142adnie. <\/p>\n\n\n\n<p>&#8222;Nisko\u015b\u0107&#8221; wielu &#8222;dziennikarzy&#8221; i &#8222;expert\u00f3w&#8221; da\u0142a si\u0119 pozna\u0107 przy komentowaniu sprawy &#8222;przekazania&#8221; Ukrainie polskich Mig\u00f3w.<\/p>\n\n\n\n<p>W obliczu, ju\u017c wprost, kierowanych wzgl\u0119dem Polski pretensji ze strony nawet nie tyle Ukrainy, co Ukrai\u0144c\u00f3w, i\u017c nie chcemy przekaza\u0107 im my\u015bliwc\u00f3w, jedynym bezpiecznym wyj\u015bciem by\u0142o przerzucenie odpowiedzialno\u015bci. <\/p>\n\n\n\n<p>Polska nie ponosi tu \u017cadnej winy. Gdyby, jak sugeruj\u0105 niekt\u00f3rzy &#8222;geniusze&#8221;, za\u0142atwia\u0107 t\u0105 spraw\u0119 po cichu w sytuacji, gdy Zach\u00f3d zrzuci\u0142 ju\u017c odpowiedzialno\u015b\u0107 na Polsk\u0119, odium hamulcowego spad\u0142by na nasz kraj. Tymczasem teraz do Polski pretensje maj\u0105 tylko nasi rodzimi &#8222;quislingowie&#8221;.<\/p>\n\n\n\n<p>Bardzo si\u0119 stara cz\u0119\u015b\u0107 naszej opozycji, \u015bwiadoma, jakie korzy\u015bci mo\u017ce z nap\u0142ywu imigrant\u00f3w wyci\u0105gn\u0105\u0107 obecna w\u0142adza. St\u0105d g\u0142osowanie w Parlamencie Europejskim przeciwko przyznaniu swojej ojczy\u017anie unijnych \u015brodk\u00f3w. <\/p>\n\n\n\n<p>Niedaleka jednak perspektywa przebicia liczby dw\u00f3ch milion\u00f3w migrant\u00f3w ma swoj\u0105 wag\u0119. Rz\u0105dowi op\u0142aca si\u0119 wydawa\u0107 bez specjalnych opor\u00f3w pieni\u0105dze na nap\u0142ywaj\u0105cych uchod\u017ac\u00f3w, gdy\u017c b\u0119dzie to czynnik nacisku na oporne instytucje UE. <\/p>\n\n\n\n<p>Moralnego nacisku. &#8222;Pomagamy ludziom w potrzebie, nie liczymy si\u0119 z kosztami, a wy co?&#8221;. Czy UE si\u0119 ugnie? <\/p>\n\n\n\n<p>Je\u015bli nie, zawsze b\u0119dzie mo\u017cna podstawi\u0107 autokary z wyznaczon\u0105 na zach\u00f3d tras\u0105. <\/p>\n\n\n\n<p>Najwi\u0119ksz\u0105 korzy\u015b\u0107 z rozgrywaj\u0105cej si\u0119 na wschodzie tragedii odni\u00f3s\u0142 Prezydent. Z miejsca zosta\u0142 dopuszczony do dialogu wielkich tego \u015bwiata, a warto przypomnie\u0107, jak potraktowano Polsk\u0119 podczas wydarze\u0144 2014 r,. czym w niezrozumia\u0142y dla nas spos\u00f3b szczyci si\u0119 nieustannie Pan R.Sikorski. <\/p>\n\n\n\n<p>Prezydent Duda zako\u0144czy\u0142by drug\u0105 kadencj\u0119 bez wi\u0119kszych fajerwerk\u00f3w. Opozycyjni politycy i dziennikarze, przy byle okazji deprecjonowaliby okres sprawowania przez niego urz\u0119du, opisuj\u0105c go jako wykonawc\u0119 polece\u0144 Prezesa. <\/p>\n\n\n\n<p>Gdy, jak w przypadku &#8222;ustawy Czarnka&#8221;, Prezydent szed\u0142 &#8222;na r\u0119k\u0119&#8221; domagaj\u0105cym si\u0119 veta \u015brodowiskom i stosowa\u0142 przys\u0142uguj\u0105c\u0105 mu prerogatyw\u0119, te same \u015brodowiska, natychmiast po tym fakcie wykpiwa\u0142y jego posuni\u0119cie, w duchu: &#8222;My\u015bli, \u017ce zrobi\u0142 nam \u0142ask\u0119&#8221;. <\/p>\n\n\n\n<p>I tak to b\u0119dzie wygl\u0105da\u0142o, zw\u0142aszcza je\u015bli dzisiejsza opozycja dojdzie do w\u0142adzy. <\/p>\n\n\n\n<p>W zale\u017cno\u015bci od czas\u00f3w i mecenas\u00f3w, r\u00f3\u017cnie b\u0119d\u0105 opisywane dwie kadencje Prezydenta A.Dudy. Pewni jeste\u015bmy jedynie tego, i\u017c do Ukrai\u0144skiej historii przejdzie jako bohater. Porozmawiajcie z Ukrai\u0144cami. <\/p>\n\n\n\n<p><\/p>\n\n\n\n<p><\/p>\n\n\n\n<p><\/p>\n\n\n\n<p><\/p>\n\n\n\n<p><\/p>\n<p class=\"bawpvc-ajax-counter\" data-id=\"2319\"><\/p>","protected":false},"excerpt":{"rendered":"<p>Przy ca\u0142ej tragedii, kt\u00f3r\u0105 wojna na wschodzie niesie setkom tysi\u0119cy <a class=\"more-link\" href=\"https:\/\/oko.pres-24.pl\/?p=2319\">Czytaj dalej \u2192<\/a><\/p>\n","protected":false},"author":1,"featured_media":0,"comment_status":"open","ping_status":"closed","sticky":false,"template":"","format":"standard","meta":{"footnotes":""},"categories":[1],"tags":[],"class_list":["post-2319","post","type-post","status-publish","format-standard","hentry","category-uncategorized"],"aioseo_notices":[],"_links":{"self":[{"href":"https:\/\/oko.pres-24.pl\/index.php?rest_route=\/wp\/v2\/posts\/2319","targetHints":{"allow":["GET"]}}],"collection":[{"href":"https:\/\/oko.pres-24.pl\/index.php?rest_route=\/wp\/v2\/posts"}],"about":[{"href":"https:\/\/oko.pres-24.pl\/index.php?rest_route=\/wp\/v2\/types\/post"}],"author":[{"embeddable":true,"href":"https:\/\/oko.pres-24.pl\/index.php?rest_route=\/wp\/v2\/users\/1"}],"replies":[{"embeddable":true,"href":"https:\/\/oko.pres-24.pl\/index.php?rest_route=%2Fwp%2Fv2%2Fcomments&post=2319"}],"version-history":[{"count":4,"href":"https:\/\/oko.pres-24.pl\/index.php?rest_route=\/wp\/v2\/posts\/2319\/revisions"}],"predecessor-version":[{"id":2325,"href":"https:\/\/oko.pres-24.pl\/index.php?rest_route=\/wp\/v2\/posts\/2319\/revisions\/2325"}],"wp:attachment":[{"href":"https:\/\/oko.pres-24.pl\/index.php?rest_route=%2Fwp%2Fv2%2Fmedia&parent=2319"}],"wp:term":[{"taxonomy":"category","embeddable":true,"href":"https:\/\/oko.pres-24.pl\/index.php?rest_route=%2Fwp%2Fv2%2Fcategories&post=2319"},{"taxonomy":"post_tag","embeddable":true,"href":"https:\/\/oko.pres-24.pl\/index.php?rest_route=%2Fwp%2Fv2%2Ftags&post=2319"}],"curies":[{"name":"wp","href":"https:\/\/api.w.org\/{rel}","templated":true}]}}