{"id":2262,"date":"2022-02-25T07:59:33","date_gmt":"2022-02-25T06:59:33","guid":{"rendered":"http:\/\/oko.pres-24.pl\/?p=2262"},"modified":"2022-02-25T08:01:58","modified_gmt":"2022-02-25T07:01:58","slug":"co-pan-zakowski-wlasnie-odwala","status":"publish","type":"post","link":"https:\/\/oko.pres-24.pl\/?p=2262","title":{"rendered":"Co Pan \u017bakowski w\u0142a\u015bnie odwala?"},"content":{"rendered":"\n<p>S\u0142uchamy sobie w\u0142a\u015bnie TOK FM. Poranna audycja Pana \u017bakowskiego. <\/p>\n\n\n\n<p>Rozmowa z Pani\u0105 Karolin\u0105 Bac\u0105-Pogorzelsk\u0105. <\/p>\n\n\n\n<p>Gdyby nie, praktycznie na si\u0142\u0119, wrzucane uwagi rozm\u00f3wczyni, to by mo\u017cna wyci\u0105gn\u0105\u0107 wniosek, \u017ce tylko Polska uprawia zale\u017cn\u0105 od Rosji polityk\u0119 energetyczn\u0105. Zreszt\u0105 gazoport temu przeczy, zw\u0142aszcza je\u015bli odniesiemy si\u0119 do tego, co Niemcy robili i robi\u0105 w zakresie swojej energetyki.<\/p>\n\n\n\n<p>Nie wiemy czy \u015bwiadomie, czy nie\u015bwiadomie, ale Pan \u017bakowski zbli\u017ca si\u0119 powoli do terminu &#8222;pi\u0105ta kolumna&#8221;. <\/p>\n\n\n\n<p>Logika nakazywa\u0142aby jak najbardziej zewrze\u0107 polskie szeregi i wywo\u0142ywa\u0107 presj\u0119, nacisk moralny na Zach\u00f3d. <\/p>\n\n\n\n<p>Nie mia\u0142 Pan \u017bakowski problem\u00f3w, by przy byle okazji pok\u0142ony bi\u0107 przed polityk\u0105 m.in. Niemiec, a teraz stara si\u0119 w zarodku ukr\u00f3ci\u0107 ka\u017cd\u0105 uwag\u0119 Pani B.-P. o energetycznej polityce Zachodu. <\/p>\n\n\n\n<p>Trzeba na Zach\u00f3d wywo\u0142ywa\u0107 presj\u0119, Panie Redaktorze, moraln\u0105 skoro innej nie mo\u017cemy. Nie walenie w naszych i pot\u0119gowanie wewn\u0119trznego chaosu, co w\u0142a\u015bnie zn\u00f3w Pan czyni w rozmowie z G.Schetyn\u0105. W obliczu zagro\u017cenia zwiera si\u0119 szeregi, a nie szerzy defetyzm. <\/p>\n\n\n\n<p>Skutek Pana audycji b\u0119dzie taki, \u017ce tak jak to wczoraj by\u0142o widoczne m.in. na portalu TOK FM, b\u0119d\u0105 Wasi s\u0142uchacze wali\u0107 w rz\u0105d, nawo\u0142uj\u0105c wr\u0119cz do jego obalenia, a i druga strona da zna\u0107 o sobie i b\u0119dzie trwa\u0142a polska wojenka. Nie czas na to. Na rozliczenia przyjdzie czas, gdy walki wygasn\u0105. Je\u015bli wygasn\u0105. <\/p>\n\n\n\n<p>To co Pan, Panie \u017bakowski robi, TO JEST REALIZOWANIE POLITYKI PUTINA. Szerzy\u0107 chaos na zapleczu dzia\u0142a\u0144.<\/p>\n\n\n\n<p><\/p>\n\n\n\n<p><\/p>\n\n\n\n<p><\/p>\n<p class=\"bawpvc-ajax-counter\" data-id=\"2262\"><\/p>","protected":false},"excerpt":{"rendered":"<p>S\u0142uchamy sobie w\u0142a\u015bnie TOK FM. Poranna audycja Pana \u017bakowskiego. Rozmowa <a class=\"more-link\" href=\"https:\/\/oko.pres-24.pl\/?p=2262\">Czytaj dalej \u2192<\/a><\/p>\n","protected":false},"author":1,"featured_media":0,"comment_status":"open","ping_status":"closed","sticky":false,"template":"","format":"standard","meta":{"footnotes":""},"categories":[1],"tags":[],"class_list":["post-2262","post","type-post","status-publish","format-standard","hentry","category-uncategorized"],"aioseo_notices":[],"_links":{"self":[{"href":"https:\/\/oko.pres-24.pl\/index.php?rest_route=\/wp\/v2\/posts\/2262","targetHints":{"allow":["GET"]}}],"collection":[{"href":"https:\/\/oko.pres-24.pl\/index.php?rest_route=\/wp\/v2\/posts"}],"about":[{"href":"https:\/\/oko.pres-24.pl\/index.php?rest_route=\/wp\/v2\/types\/post"}],"author":[{"embeddable":true,"href":"https:\/\/oko.pres-24.pl\/index.php?rest_route=\/wp\/v2\/users\/1"}],"replies":[{"embeddable":true,"href":"https:\/\/oko.pres-24.pl\/index.php?rest_route=%2Fwp%2Fv2%2Fcomments&post=2262"}],"version-history":[{"count":2,"href":"https:\/\/oko.pres-24.pl\/index.php?rest_route=\/wp\/v2\/posts\/2262\/revisions"}],"predecessor-version":[{"id":2264,"href":"https:\/\/oko.pres-24.pl\/index.php?rest_route=\/wp\/v2\/posts\/2262\/revisions\/2264"}],"wp:attachment":[{"href":"https:\/\/oko.pres-24.pl\/index.php?rest_route=%2Fwp%2Fv2%2Fmedia&parent=2262"}],"wp:term":[{"taxonomy":"category","embeddable":true,"href":"https:\/\/oko.pres-24.pl\/index.php?rest_route=%2Fwp%2Fv2%2Fcategories&post=2262"},{"taxonomy":"post_tag","embeddable":true,"href":"https:\/\/oko.pres-24.pl\/index.php?rest_route=%2Fwp%2Fv2%2Ftags&post=2262"}],"curies":[{"name":"wp","href":"https:\/\/api.w.org\/{rel}","templated":true}]}}