{"id":2166,"date":"2021-12-04T06:18:37","date_gmt":"2021-12-04T05:18:37","guid":{"rendered":"http:\/\/oko.pres-24.pl\/?p=2166"},"modified":"2021-12-06T18:01:24","modified_gmt":"2021-12-06T17:01:24","slug":"sikorski-jaki","status":"publish","type":"post","link":"https:\/\/oko.pres-24.pl\/?p=2166","title":{"rendered":"Sikorski Jaki&#8230;"},"content":{"rendered":"\n<p>Cytat z artyku\u0142u Pana A.Krzemi\u0144skiego w &#8222;Polityce&#8221; nr 49 z 2021: <\/p>\n\n\n\n<p>&#8221; Niezr\u00f3wnany Patryk Jaki z miejsca postraszy\u0142 na Twitterze, \u017ce je\u015bli spe\u0142ni\u0105<br>si\u0119 marzenia nowej niemieckiej koalicji, to \u201eRP stanie si\u0119<br>koloni\u0105 urz\u0119dniczego molocha sterowanego przez Niemcy\u201d,<br>na co Rados\u0142aw Sikorski natychmiast odpali\u0142, \u017ce \u201ePolska mia\u0142aby<br>prawdziwy problem dopiero wtedy, gdyby Niemcy sta\u0142y si\u0119<br>tak nacjonalistyczne jak @SolidarnaPL i wysz\u0142y z Unii Europejskiej\u201d. &#8221; <\/p>\n\n\n\n<p>Prosz\u0119 Pa\u0144stwa. My naprawd\u0119 jeste\u015bmy kosmopolitami, a Potwora Spaghetti przedk\u0142adamy nad tradycyjne polskie wyznania, jednak uczciwie trzeba przyzna\u0107, \u017ce przynajmniej z cz\u0119\u015bci internetowych pysk\u00f3wek to Pan Jaki wychodzi zwyci\u0119sko, a ju\u017c na pewno w konfrontacji z powy\u017csz\u0105 m\u0105dro\u015bci\u0105 Pana Sikorskiego. <\/p>\n\n\n\n<p>S\u0142ynne, ostatnio jakby rzadziej cytowane przez polityk\u00f3w s\u0142owa Billa Clintona: &#8222;Gospodarka g\u0142upcze&#8221;, s\u0105 prawd\u0105, jednak w nieco innym uj\u0119ciu ni\u017c ich autor mia\u0142 na my\u015bli. <\/p>\n\n\n\n<p>Skuteczne (w sensie dobre dla spo\u0142ecze\u0144stwa) to has\u0142o jest bowiem nie wtedy, gdy tworzymy system umo\u017cliwiaj\u0105cy bogacenie si\u0119 g\u0142\u00f3wnie  gie\u0142dowym magikom, lecz wtedy, gdy pa\u0144stwo dba, by teoretyczne skapywanie frukt\u00f3w z pa\u0144skiego sto\u0142u odbywa\u0142o si\u0119 w praktyce. <\/p>\n\n\n\n<p>Z tego wzgl\u0119du kluczowy dla pa\u0144stwa niemieckiego jest dodatni bilans handlowy, czemu sprzyja s\u0142aba waluta. <\/p>\n\n\n\n<p>Nie ma opcji, by Niemcy rozwa\u017ca\u0142y jakiekolwiek poluzowanie swojej obecno\u015bci w strefie euro. Dzi\u0119ki takim wydarzeniem, jak gospodarcza tragedia w Grecji sprzed kilku lat, oraz r\u00f3\u017cne mniejsze b\u0105d\u017a wi\u0119ksze niedomagania gospodarek innych cz\u0142onk\u00f3w strefy, wsp\u00f3lna waluta nie jest na tyle silna, by stanowi\u0107 czynnik utrudniaj\u0105cy eksport. <\/p>\n\n\n\n<p>Niemiecka renoma i legendarna jako\u015b\u0107 ich produkt\u00f3w jest nadal silna i wyj\u015bcie ze strefy euro natychmiast podbi\u0142oby warto\u015b\u0107 reanimowanej marki (m\u0142odzi &#8211; &#8222;marka&#8221; to waluta w Niemczech przed euro). <\/p>\n\n\n\n<p>Tak w\u0142a\u015bciwie to bez sensu takie rozwa\u017cania, ale tym g\u0142upszy jest w tym kontek\u015bcie wpis Pana Sikorskiego. <\/p>\n\n\n\n<p>Szczeg\u00f3lnie legendarn\u0105 opini\u0105 ciesz\u0105 si\u0119 samochody niemieckich koncern\u00f3w. <\/p>\n\n\n\n<p>Gdzie si\u0119 produkuje podzespo\u0142y do nich? <\/p>\n\n\n\n<p>Z tego wzgl\u0119du, nawet gdyby np. Polska znalaz\u0142a si\u0119 poza Uni\u0105, wymiana gospodarcza nadal by si\u0119 rozwija\u0142a. To si\u0119 po prostu op\u0142aca obydwu stronom. <\/p>\n\n\n\n<p>Przyk\u0142ad W\u0119gier, kolejnego kraju, podwykonawcy niemieckiej motoryzacji pokazuje, \u017ce biznes w polityce niemieckiej jest na pierwszym miejscu. <\/p>\n\n\n\n<p>ps. <\/p>\n\n\n\n<p>Ca\u0142y powy\u017cszy wpis jest, powt\u00f3rzmy, bez sensu. Tym bardziej jednak kompromituj\u0105cy jest wpis Pana Sikorskiego. Jest bowiem oczywiste, \u017ce Niemcy d\u0105\u017c\u0105 do umocnienia swojej pozycji. To normalne i naturalne. To jest w\u0142a\u015bnie polityka mi\u0119dzynarodowa, w kt\u00f3rej jak we wszystkim, chodzi o to, by wygra\u0107. <\/p>\n\n\n\n<p>W\u0142adze Niemiec zawsze potrafi\u0142y \u015bwietnie zadba\u0107 o swoje interesy. Problem w tym, \u017ce nasze w\u0142adze r\u00f3wnie\u017c(1).<\/p>\n\n\n\n<p>Przypisy:<\/p>\n\n\n\n<p>(1) Informacja dla wyborc\u00f3w PO: &#8222;O niemieckie interesy&#8221;. <\/p>\n\n\n\n<p><\/p>\n<p class=\"bawpvc-ajax-counter\" data-id=\"2166\"><\/p>","protected":false},"excerpt":{"rendered":"<p>Cytat z artyku\u0142u Pana A.Krzemi\u0144skiego w &#8222;Polityce&#8221; nr 49 z <a class=\"more-link\" href=\"https:\/\/oko.pres-24.pl\/?p=2166\">Czytaj dalej \u2192<\/a><\/p>\n","protected":false},"author":1,"featured_media":0,"comment_status":"open","ping_status":"closed","sticky":false,"template":"","format":"standard","meta":{"footnotes":""},"categories":[1],"tags":[],"class_list":["post-2166","post","type-post","status-publish","format-standard","hentry","category-uncategorized"],"aioseo_notices":[],"_links":{"self":[{"href":"https:\/\/oko.pres-24.pl\/index.php?rest_route=\/wp\/v2\/posts\/2166","targetHints":{"allow":["GET"]}}],"collection":[{"href":"https:\/\/oko.pres-24.pl\/index.php?rest_route=\/wp\/v2\/posts"}],"about":[{"href":"https:\/\/oko.pres-24.pl\/index.php?rest_route=\/wp\/v2\/types\/post"}],"author":[{"embeddable":true,"href":"https:\/\/oko.pres-24.pl\/index.php?rest_route=\/wp\/v2\/users\/1"}],"replies":[{"embeddable":true,"href":"https:\/\/oko.pres-24.pl\/index.php?rest_route=%2Fwp%2Fv2%2Fcomments&post=2166"}],"version-history":[{"count":2,"href":"https:\/\/oko.pres-24.pl\/index.php?rest_route=\/wp\/v2\/posts\/2166\/revisions"}],"predecessor-version":[{"id":2169,"href":"https:\/\/oko.pres-24.pl\/index.php?rest_route=\/wp\/v2\/posts\/2166\/revisions\/2169"}],"wp:attachment":[{"href":"https:\/\/oko.pres-24.pl\/index.php?rest_route=%2Fwp%2Fv2%2Fmedia&parent=2166"}],"wp:term":[{"taxonomy":"category","embeddable":true,"href":"https:\/\/oko.pres-24.pl\/index.php?rest_route=%2Fwp%2Fv2%2Fcategories&post=2166"},{"taxonomy":"post_tag","embeddable":true,"href":"https:\/\/oko.pres-24.pl\/index.php?rest_route=%2Fwp%2Fv2%2Ftags&post=2166"}],"curies":[{"name":"wp","href":"https:\/\/api.w.org\/{rel}","templated":true}]}}