{"id":1720,"date":"2020-05-18T08:07:07","date_gmt":"2020-05-18T08:07:07","guid":{"rendered":"http:\/\/oko.pres-24.pl\/?p=1720"},"modified":"2020-12-26T16:41:03","modified_gmt":"2020-12-26T15:41:03","slug":"klimat-sie-zmienial-zmienia-i-zmienial-sie-bedzie-tak-jest-i-bylo-zawsze-i-wszedzie-2","status":"publish","type":"post","link":"https:\/\/oko.pres-24.pl\/?p=1720","title":{"rendered":"Klimat si\u0119 zmienia\u0142, zmienia i zmienia\u0142 si\u0119 b\u0119dzie. Tak jest i by\u0142o zawsze i wsz\u0119dzie."},"content":{"rendered":"<p><strong>Poni\u017cszy materia\u0142 dotyczy przekazywanych w mainstreamowych(1) mediach tre\u015bci zwi\u0105zanych z tzw. zmianami klimatycznymi, ekologi\u0105, itp. Naszym zdaniem nosz\u0105 one cz\u0119sto znamiona propagandy, wybi\u00f3rczo dobieraj\u0105c tre\u015bci i manipuluj\u0105c faktami.<br \/>\n<\/strong><\/p>\n<p>Przez ca\u0142y kwiecie\u0144 atakowa\u0142y nas zewsz\u0105d informacje o suszy, kt\u00f3ra sprawi\u0142a, i\u017c w tym roku b\u0119dzie tragedia je\u015bli chodzi o zbiory zb\u00f3\u017c, warzyw i owoc\u00f3w.<\/p>\n<p>Powy\u017csze wypowiedzi mia\u0142y tryb dokonany. To by\u0142y autorytarne stwierdzenia, i\u017c sprawa jest przes\u0105dzona.<\/p>\n<p>Od pocz\u0105tku maja cicho w tym temacie. Dlaczego? Leje i leje.<\/p>\n<p>Klimat jest z natury rzeczy dynamiczny i anomalie pogodowe s\u0105 czym\u015b naturalnym (hmmm&#8230; naturalne anomalie).<\/p>\n<p>Na naszym wewn\u0119trznym forum redakcyjna kole\u017canka wrzuci\u0142a dzisiaj, tj. 06.05.2020 (publikacja artyku\u0142u 18.05.2020) opatrzony w\u015bciek\u0142ymi emotkami komentarz, oddaj\u0105cy jej wra\u017cenia po powrocie ze spaceru z psem. W &#8222;wyg\u0142adzonym&#8221; skr\u00f3cie brzmia\u0142 on: &#8222;Gdzie to ocieplenie?&#8221;.<\/p>\n<p>Zmobilizowa\u0142o nas to do stworzenia niniejszego textu.<\/p>\n<p>Zauwa\u017cyli Pa\u0144stwo, i\u017c w owym rzeczywi\u015bcie suchym kwietniu (czego skutkiem by\u0142y po\u017cary),\u00a0 nie m\u00f3wi\u0142o si\u0119 o ociepleniu. Opad\u00f3w faktycznie by\u0142o ma\u0142o, ale wcale nie by\u0142o ciep\u0142o. S\u0142onecznie, bezchmurnie i bez deszczu, ale nie nadzwyczaj ciep\u0142o. Jak sobie z tym poradzono? Unikano terminu &#8222;ocieplenie&#8221;. (Dla zasady zaznaczamy, i\u017c zimowe miesi\u0105ce 2019-2020 faktycznie by\u0142y w Polsce cieplejsze ni\u017c \u015brednia.)<\/p>\n<p>S\u0142uchamy, w naszym coraz mniej ulubionym TOK FM, katastrofalnych opowie\u015bci p\u0142yn\u0105cych z ust m\u0142odych aktywist\u00f3w jaka to b\u0119dzie tragedia. My tego nie wiemy, mo\u017ce b\u0119dzie ale&#8230;<\/p>\n<p>Przypadkowo trafili\u015bmy (jad\u0105c autem) w kt\u00f3rej\u015b z rz\u0105dowych stacji radiowych na rozmow\u0119 z jakim\u015b starszym profesorem. Wiek jest tu niestety wa\u017cny, gdy\u017c co i rusz si\u0119 przekonujemy o niekompetencji m\u0142odych niby naukowc\u00f3w, a w rzeczywisto\u015bci aktywist\u00f3w. \u00d3w profesor stwierdzi\u0142, i\u017c owszem, opady by\u0142y niskie ale kwietniowa temperatura wcale nie by\u0142a wysoka, a z wieszczeniem suszy powstrzymajmy si\u0119 jeszcze troch\u0119. Kluczowy b\u0119dzie maj i to od opad\u00f3w w tym miesi\u0105cu zale\u017ce\u0107 b\u0119d\u0105 losy rolnictwa i sadownictwa.<\/p>\n<p>I co? Od pocz\u0105tku maja opady. Dzisiaj (07.05.2020), podobnie jak wczoraj 2-3 stopnie przy gruncie w nocy, a w Tatrach \u015bnieg.<\/p>\n<p>Tak w\u0142a\u015bnie wygl\u0105da dyskusja na tematy klimatyczne. Idea\u0142y + ekobiznes kontra nauka i do\u015bwiadczenie.<\/p>\n<p>Lobby ekologiczne okre\u015bla si\u0119 czasem terminem &#8222;ekoterroryzm&#8221; b\u0105d\u017a &#8222;ekofaszyzm&#8221;. W tym drugim przypadku to ca\u0142kowita pomy\u0142ka. Zar\u00f3wno faszy\u015bci jak i nazi\u015bci mieli tward\u0105 doktryn\u0119 i nawet je\u015bli rzeczywisto\u015b\u0107 zacz\u0119\u0142a odstawa\u0107 od teorii, a cz\u0119\u015b\u0107 propagandowych hase\u0142 dezaktualizowa\u0142a si\u0119, to twardo stano na gruncie dogmat\u00f3w. Tak\u0105 postaw\u0119 narzuci\u0142 sam Hitler dowodz\u0105c, i\u017c nie wolno przyznawa\u0107 si\u0119 do b\u0142\u0119d\u00f3w bo to mo\u017ce rodzi\u0107 w\u0105tpliwo\u015bci w narodzie.<\/p>\n<p>Komuni\u015bci, cho\u0107 &#8222;techniczna&#8221; strona ich dzia\u0142alno\u015bci to cz\u0119sto lustrzane odbicie nazizmu, w kwestii propagandy zajmowali skrajnie odmienn\u0105 pozycj\u0119.<\/p>\n<p>Potrafili z dnia na dzie\u0144 zmieni\u0107 ca\u0142kowicie narracj\u0119 w jakiej\u015b kwestii. Po zmianie g\u0142oszono, i\u017c zawsze tak by\u0142o.<\/p>\n<p>W pierwszych latach krzepni\u0119cia porewolucyjnego systemu fiko\u0142ki takie dotyczy\u0142y np. kwestii kultury czy obyczajowo\u015bci, a nieco p\u00f3\u017aniej, ju\u017c za Stalina, ludzie wierni doktrynie Lenina byli skazywani za odst\u0119pstwo od niej.<\/p>\n<p>I tu wchodzimy na poletko ekokomunist\u00f3w. Tak, komunist\u00f3w, gdy\u017c cz\u0119\u015b\u0107 &#8222;ekolog\u00f3w&#8221;, w zale\u017cno\u015bci od tego co si\u0119 akurat dzieje z pogod\u0105, przeskakuje na jakby z g\u00f3ry przygotowane \u015bcie\u017cki narracyjne.<\/p>\n<p>Gdy kilka lat temu w miesi\u0105cach ciep\u0142ych utrzymywa\u0142a si\u0119 przez jaki\u015b czas ni\u017csza ni\u017c \u015brednia temperatura, w &#8222;ekologicznym&#8221; przekazie pojawi\u0142o si\u0119 twierdzenie, i\u017c &#8222;Skutkiem globalnego ocieplenia b\u0119dzie globalne och\u0142odzenie&#8221;.<\/p>\n<p>W zasadzie nie tyle &#8222;pojawi\u0142o&#8221; co wyci\u0105gni\u0119to je, gdy zaistnia\u0142y odpowiednie po temu okoliczno\u015bci.<\/p>\n<p>Niezale\u017cnie jak g\u0142upie mo\u017ce si\u0119 to wydawa\u0107, s\u0105 naukowcy, kt\u00f3rzy w\u0142a\u015bnie taki efekt topnienia lodowc\u00f3w przewiduj\u0105. (My nie uwa\u017camy tej teorii za g\u0142upi\u0105, to po prostu jedna z koncepcji warta rozwa\u017cenia jak ka\u017cda inna).<\/p>\n<p><strong>Przypominamy, i\u017c piszemy tu o mainstreamowym przekazie, kt\u00f3ry nosi znamiona propagandy. Nie o fachowych serwisach po\u015bwi\u0119conych klimatowi, st\u0105d powy\u017cszy termin &#8222;g\u0142upie&#8221;. Do przeci\u0119tnego cz\u0142owieka, kt\u00f3ry nie ma poj\u0119cia co to Golfsztrom, gdy\u017c ta wiedza w \u017caden spos\u00f3b mu nie pomaga w codziennym \u017cyciu, zmiana narracji z ocieplenia na och\u0142odzenie jest zwyczajnie g\u0142upia.<\/strong><\/p>\n<p>Tak wi\u0119c ze zmian\u0105 narracji zmieniono wszystko nie zmieniaj\u0105c nic, dzi\u0119ki czemu &#8222;biznes&#8221; kr\u0119ci\u0142 si\u0119 dalej.<\/p>\n<p>Ch\u0142odniejszy okres min\u0105\u0142 i zaanga\u017cowane media mog\u0142y wr\u00f3ci\u0107 do tradycyjnej narracji o ociepleniu.<\/p>\n<p>Jak to si\u0119 ma do wiarygodno\u015bci?<\/p>\n<p>Wracaj\u0105c do kwietniowej suszy. Globalne ocieplenie powoduje globalne parowanie. Topniej\u0105 lodowce. Wniosek jest oczywisty. W atmosferze jest wi\u0119cej wody, kt\u00f3ra ma to do siebie \u017ce, (TADAM!!!) wraca na ziemi\u0119 w postaci deszczu.<\/p>\n<p>Tak jak nie zauwa\u017cono niewysokich temperatur w kwietniu, tak nie przywo\u0142ano owego oczywistego faktu. Przecie\u017c z ociepleniem mamy do czynienia od d\u0142u\u017cszego czasu wi\u0119c systematycznie zwi\u0119ksza si\u0119 ilo\u015b\u0107 wody w atmosferze.<\/p>\n<p>Powy\u017cszy wyw\u00f3d to oczywi\u015bcie demagogia i zabawa faktami pod tez\u0119, ale w\u0142a\u015bnie to robi\u0105 non stop \u015brodowiska ekokomunist\u00f3w. Najgorsze za\u015b jest to, \u017ce te wszystkie &#8222;obiektywne&#8221;, &#8222;uczciwe&#8221;, &#8222;post\u0119powe&#8221; itp. media nie rozliczaj\u0105 &#8222;expert\u00f3w&#8221;, kt\u00f3rzy na ich \u0142amach\/falach r\u00f3\u017cne &#8222;m\u0105dro\u015bci&#8221; wygaduj\u0105.<\/p>\n<p>Nie jeste\u015bmy klimatologami czy innymi &#8222;&#8230;ogami&#8221; by naszym opiniom przypina\u0107 \u0142atk\u0119 experta ale s\u0142oneczne, suche dni, przy braku opad\u00f3w, co jest logiczne skoro chmur nie ma, dowodz\u0105 zaburzenia ruch\u00f3w powietrza. Wy\u017ce, ni\u017ce i ich odwieczne zmagania.<\/p>\n<p>Zdarzy\u0142a si\u0119 wi\u0119c w Europie anomalia. Gdzie\u015b pojawi\u0142 si\u0119 niedob\u00f3r, gdzie indziej zapewne nadmiar. Wygl\u0105da na to, i\u017c wraz z majowymi opadami nast\u0119puje wyr\u00f3wnanie.<\/p>\n<p>O ile mo\u017cna w og\u00f3le rozwa\u017ca\u0107 kwestie klimatyczne w tak kr\u00f3tkim odcinku czasowym.<\/p>\n<p>Powt\u00f3rzmy, nie ro\u015bcimy sobie prawa do bycia expertami w dziedzinie globalnego klimatu, ale w\u0142a\u015bnie dlatego jeste\u015bmy otwarci na opinie naukowc\u00f3w.<\/p>\n<p>Poniewa\u017c jednak \u015bwiat jest jaki jest i pieni\u0105dz kszta\u0142tuje nasz\u0105 rzeczywisto\u015b\u0107, nie podchodzimy wiernopodda\u0144czo do owych opinii, tylko w miar\u0119 naszych mo\u017cliwo\u015bci weryfikujemy je.<\/p>\n<p>W dyskursie &#8222;ociepleniowym&#8221; do\u015b\u0107 cz\u0119sto promuje si\u0119 stron\u0119 &#8222;Nauka o klimacie&#8221;. Jaki\u015b czas temu postudiowali\u015bmy t\u0105 stron\u0119 i nie zachwyci\u0142a nas ona swoj\u0105 wiarygodno\u015bci\u0105.<\/p>\n<p>Nie trzeba by\u0142o specjalnie si\u0119 wysila\u0107, gdy\u017c s\u0142abostki przedstawionej tam argumentacji obna\u017cali internauci w komentarzach.<\/p>\n<p>Odno\u015bniki do kt\u00f3rych odsy\u0142ali autorzy niejednokrotnie by\u0142y nieaktywne, a te aktywne, cz\u0119sto tylko przy sporej dawce &#8222;dobrej woli&#8221; pasowa\u0142y do stawianych tez.<\/p>\n<p>Mo\u017ce ostatnio ich jako\u015b\u0107 si\u0119 poprawi\u0142a? W naszym przypadku swoj\u0105 szans\u0119 stracili. Sorry. Czas to pieni\u0105dz.<\/p>\n<p>\u015awiat nauki to \u015bwiat jak ka\u017cdy inny, a w ostatnich latach regularnie pojawia\u0142y si\u0119 informacje o naukowcach z r\u00f3\u017cnych dziedzin, kt\u00f3rzy wr\u0119cz wymy\u015blali rezultaty do\u015bwiadcze\u0144, b\u0105d\u017a naginali ich wyniki by pasowa\u0142y do stawianych tez.<\/p>\n<p>Ostro\u017cno\u015b\u0107 jest wi\u0119c uzasadniona, zw\u0142aszcza je\u015bli w grze o &#8222;klimat&#8221; s\u0105 wielkie pieni\u0105dze i grupy interes\u00f3w.<\/p>\n<p>Klimat zmienia\u0142 si\u0119 zawsze. Problemem by\u0142oby gdyby si\u0119 nie zmienia\u0142 bo w\u00f3wczas na ziemi nie by\u0142oby \u017cycia. R\u00f3\u017cne si\u0142y natury \u015bcieraj\u0105 si\u0119 nieustannie i wahania w jedn\u0105 b\u0105d\u017a drug\u0105 stron\u0119 s\u0105 ich konsekwencj\u0105.<\/p>\n<p>Pojawiaj\u0105 si\u0119 globalne okresy ocieplenia i och\u0142odzenie, a trzeba pami\u0119ta\u0107, \u017ce przez wi\u0119kszo\u015b\u0107 dziej\u00f3w naszej planety, odk\u0105d znajduj\u0105 si\u0119 na niej \u017cywe organizmy, temperatura by\u0142a wy\u017csza ni\u017c obecnie.<\/p>\n<p>Ot wykresy z ulubionego \u017ar\u00f3d\u0142a informacji Prezydenta Komorowskiego.<\/p>\n<p><img loading=\"lazy\" decoding=\"async\" class=\"alignnone wp-image-1697\" src=\"http:\/\/oko.pres-24.pl\/wp-content\/uploads\/2020\/05\/Five_Myr_Climate_Change-300x90.png\" alt=\"\" width=\"711\" height=\"213\" srcset=\"https:\/\/oko.pres-24.pl\/wp-content\/uploads\/2020\/05\/Five_Myr_Climate_Change-300x90.png 300w, https:\/\/oko.pres-24.pl\/wp-content\/uploads\/2020\/05\/Five_Myr_Climate_Change.png 745w\" sizes=\"auto, (max-width: 711px) 100vw, 711px\" \/><\/p>\n<p><img loading=\"lazy\" decoding=\"async\" class=\"alignnone wp-image-1698\" src=\"http:\/\/oko.pres-24.pl\/wp-content\/uploads\/2020\/05\/Ice_Age_Temperature-300x201.png\" alt=\"\" width=\"625\" height=\"418\" srcset=\"https:\/\/oko.pres-24.pl\/wp-content\/uploads\/2020\/05\/Ice_Age_Temperature-300x201.png 300w, https:\/\/oko.pres-24.pl\/wp-content\/uploads\/2020\/05\/Ice_Age_Temperature-360x240.png 360w, https:\/\/oko.pres-24.pl\/wp-content\/uploads\/2020\/05\/Ice_Age_Temperature.png 564w\" sizes=\"auto, (max-width: 625px) 100vw, 625px\" \/><\/p>\n<p>Pierwszy z wykres\u00f3w to rekonstrukcja temperatury z ostatnich 5 milion\u00f3w lat, drugi z 450 tys. (https:\/\/pl.wikipedia.org\/wiki\/Zlodowacenie).<\/p>\n<p>Przyjmuj\u0105c dominuj\u0105c\u0105 w ekobiznesie tez\u0119, i\u017c klimat si\u0119 ociepla, to drugi wykres pokazuje, i\u017c znajdujemy si\u0119 dok\u0142adnie tam, gdzie powinni\u015bmy.<\/p>\n<p>Analiza zmian klimatycznych ma sens tylko w d\u0142ugim okresie. Wyci\u0105ganie wniosk\u00f3w na podstawie kilku setek lat to prosta droga do loterii, gdy\u017c im kr\u00f3tsze okresy przyjmujemy, tym wi\u0119ksz\u0105 rol\u0119 odgrywaj\u0105 anomalie, kt\u00f3re ze swej natury s\u0105 czym\u015b przej\u015bciowym. Na takich danych mo\u017cna udowodni\u0107 wszystko.<\/p>\n<p>Zaznaczmy jeszcze raz. Klimat si\u0119 zmienia, gdy\u017c zmiana jest jego istot\u0105.<\/p>\n<p>I tu dochodzimy do zagadnienia, jaki wp\u0142yw na t\u0105 zmian\u0119 ma dzia\u0142alno\u015b\u0107 cz\u0142owieka. Fajnie w tym kontek\u015bcie wypadaj\u0105 nies\u0142awne maile naukowc\u00f3w, w kt\u00f3rych przyznawali oni, i\u017c naginaj\u0105 wyniki na potrzeby udowodnienia tezy o ociepleniu . Na wspomnianym ju\u017c portalu &#8222;Nauka o klimacie&#8221; zamieszczono wyw\u00f3d maj\u0105cy uzasadni\u0107, i\u017c nie o to owym naukowcom chodzi\u0142o. Nas nie przekona\u0142.<\/p>\n<p>Przyznajemy, i\u017c w ostatnich latach narracja zwolennik\u00f3w teorii o wp\u0142ywie cz\u0142owieka na globalne zmiany klimatyczne znacznie si\u0119 jako\u015bciowo poprawi\u0142a, przede wszystkim przesta\u0142a (nie zawsze) obra\u017ca\u0107 umiej\u0119tno\u015b\u0107 logicznego my\u015blenia.<\/p>\n<p>Ba! Niekt\u00f3re koncepcje s\u0105 \u015bwietne i w zasadzie u ich podstaw le\u017cy wy\u0142\u0105cznie logiczne rozumowanie.<\/p>\n<p>\u017bywimy autentyczny podziw dla tw\u00f3rcy koncepcji uzasadniaj\u0105cej och\u0142odzenie klimatu w Europie w XVII w. Jego przyczyn\u0105 mia\u0142o by\u0107 odkrycie Ameryk. Spowodowany tym wydarzeniem upadek\u00a0wielkich organizm\u00f3w politycznych oraz zdziesi\u0105tkowanie, w skutek chor\u00f3b, rdzennej ludno\u015bci, doprowadzi\u0142y do odrodzenia las\u00f3w. To za\u015b spowodowa\u0142o tzw. &#8222;Ma\u0142\u0105 epok\u0119 lodowcow\u0105&#8221;. Czemu nie. Jak z tym polemizowa\u0107? Fakty si\u0119 zgadzaj\u0105, a czy wniosek prawdziwy to inna sprawa.<\/p>\n<p>Powy\u017csza teoria od razu si\u0119 nam skojarzy\u0142a z numerologi\u0105, kt\u00f3ra jest w stanie udowodni\u0107 wszystko w zale\u017cno\u015bci od intencji.<\/p>\n<p>Przede wszystkim jednak w narracji dotycz\u0105cej wp\u0142ywu cz\u0142owieka na ocieplenie klimatu razi nas spos\u00f3b jej prowadzenia. Ekokomuni\u015bci g\u0142osz\u0105 t\u0105 tez\u0119 jako &#8222;prawd\u0119 objawion\u0105&#8221;, a my nie lubimy prawd objawionych. One zawsze wykluczaj\u0105 dyskusj\u0119, dialog, wypracowywanie rozwi\u0105za\u0144 i nieuchronnie prowadz\u0105 do krzywdy mniejszej b\u0105d\u017a wi\u0119kszej grupy, a ich g\u0142osiciele czuj\u0105 si\u0119 zwolnieni z obowi\u0105zku t\u0142umaczenia swojego post\u0119powania.<\/p>\n<p>Zgadza si\u0119, \u017ce za\u015bmiecamy nasz\u0105 planet\u0119 i co\u015b z tym trzeba zrobi\u0107 ale w\u0142a\u015bnie zacznijmy od rzeczy mniej abstrakcyjnych, mniejszych, ale konkretnych.<\/p>\n<p>Krzycz\u0105 ekokomuni\u015bci: &#8222;Nie ma czasu&#8221;, &#8222;Trzeba radykalnych krok\u00f3w&#8221; itp. Czyli bezrobocie i kryzys dla jednych, kontra krociowe zyski dla drugich. Ach&#8230; przysz\u0142e pokolenia. I znowu komunizm si\u0119 k\u0142ania.<\/p>\n<p>Skoro wp\u0142yw tradycyjnego przemys\u0142u na globalny klimat jest niepodwa\u017calny i nie ma ju\u017c czasu do stracenia, a r\u00f3\u017cne globalne firmy szczyc\u0105 si\u0119 swoim ekologicznym nastawieniem, to mo\u017ce niech udost\u0119pni\u0105 patenty. W\u00a0 ko\u0144cu chodzi o dobro ludzko\u015bci. A mo\u017ce rz\u0105dy bogatych pa\u0144stw wykupi\u0105 i udost\u0119pni\u0105 technologie. Dobro \u015bwiata itp.<\/p>\n<p>Fa\u0142sz i ob\u0142ud\u0119 \u015bwietnie wida\u0107 na przyk\u0142adzie aut elektrycznych. Dopiero od jakich\u015b dw\u00f3ch lat m\u00f3wi si\u0119 o tym w mainstreamie, ale dla ludzi w miar\u0119 obeznanych z technologi\u0105 zawsze by\u0142o oczywiste, i\u017c od produkcji poczynaj\u0105c, na utylizacji ko\u0144cz\u0105c, pojazdy elektryczne wytwarzaj\u0105 ca\u0142\u0105 mas\u0119 zanieczyszcze\u0144. Odpowiednio &#8222;piel\u0119gnowany&#8221; silnik spalinowy mo\u017ce dzia\u0142a\u0107 praktycznie bez ogranicze\u0144 czasowych, podczas gdy akumulatory trzeba wymienia\u0107, a ich produkcja i utylizacja to bomba chemiczna.<\/p>\n<p>W \u015bwiecie zdominowanym przez ekokomunist\u00f3w, koncepcja niekopc\u0105cych aut dobrze si\u0119 sprzeda\u0142a.<\/p>\n<p>Przysz\u0142o\u015bci\u0105 jest wod\u00f3r i nadejdzie jego czas, ale ile\u017c interes\u00f3w by ta technologia dzisiaj naruszy\u0142a.<\/p>\n<p>S\u0105 gorsze przyk\u0142ady ekokomunizmu.<\/p>\n<p>Wprowadzenie biopaliw spowodowa\u0142o, i\u017c tysi\u0105ce hektar\u00f3w p\u00f3l uprawnych, kt\u00f3re dostarcza\u0142y \u017cywno\u015bci na ca\u0142ym \u015bwiecie przestawiano na upraw\u0119 np. rzepaku. Ba! Specjalnie pod uprawy ro\u015blin oleistych wycinano lasy. POWT\u00d3RZYMY! BY PRODUKOWA\u0106 EKOLOGICZNE PALIWA! DLA DOBRA ZIEMI! itp., itd.<\/p>\n<p>Kto mia\u0142 zarobi\u0107, zarobi\u0142.<\/p>\n<p>Ju\u017c nie pami\u0119tamy, \u017ce w efekcie &#8222;rewolucji biopaliw&#8221; gin\u0119li ludzie. Przecie\u017c nasze telewizje pokazywa\u0142y g\u0142odowe zamieszki w r\u00f3\u017cnych cz\u0119\u015bciach \u015bwiata. TAM GIN\u0118LI LUDZIE NA ULICACH DOMAGAJ\u0104C SI\u0118 OBNI\u017bEK CEN PODSTAWOWYCH PRODUKT\u00d3W \u017bYWNO\u015aCIOWYCH!!!<\/p>\n<p>To by\u0142o tak niedawno. Na szcz\u0119\u015bcie Internet tak \u0142atwo nie zapomina.<\/p>\n<p>Takich przyk\u0142ad\u00f3w jest wi\u0119cej.<\/p>\n<p>Mniej wi\u0119cej w tym samym czasie kopalnie prze\u017cywa\u0142y rozkwit, gdy\u017c ceny w\u0119gla znajdowa\u0142y si\u0119 &#8222;na g\u00f3rce&#8221; (tzn. ceny by\u0142y wysokie, nie na ha\u0142dach :D). Media puszcza\u0142y materia\u0142y o otwieranych na gwa\u0142t klasach w zawod\u00f3wkach i ludziach po szko\u0142ach \u015brednich, a nawet studiach, przyjmuj\u0105cych si\u0119 do pracy na kopalni.<\/p>\n<p>Ceny paliw kopalnych osi\u0105gn\u0119\u0142y takie szczyty, i\u017c na powa\u017cnie rozwa\u017cano produkcj\u0119 benzyny z w\u0119gla.<\/p>\n<p>Przecie\u017c to by\u0142o tak niedawno.<\/p>\n<p>Cofnijmy si\u0119 jeszcze kilka lat i przypomnijmy kolejny absurdalny fakt z naszej najnowszej historii, ju\u017c nie <em>stricte<\/em> &#8222;ekologiczny&#8221; ale r\u00f3wnie\u017c zwi\u0105zany z kopalniami.<\/p>\n<p>Czasy rz\u0105d\u00f3w AWS to zamykanie kopal\u0144, podobno ju\u017c nieprzydatnych, i posy\u0142anie ludzi na wcze\u015bniejsze emerytury.<\/p>\n<p>Teraz si\u0119 za wszelk\u0105 cen\u0119 chce zmusi\u0107 ludzi do jak najd\u0142u\u017cszej pracy, w\u00f3wczas odwrotnie, czyli nast\u0105pi\u0142o ca\u0142kowite przestawienie &#8222;wajchy&#8221; w ci\u0105gu nieco ponad dziesi\u0119ciu lat (ustawa wyd\u0142u\u017caj\u0105ca wiek emerytalny).<\/p>\n<p>Dotyczy\u0142o to r\u00f3\u017cnych grup zawodowych, ale np. g\u00f3rnicy musieli podpisywa\u0107 zobowi\u0105zania, i\u017c nie zatrudni\u0105 si\u0119 ponownie w zawodzie. Telewizje pokazywa\u0142y przyk\u0142ady g\u00f3rnik\u00f3w, kt\u00f3rzy dzi\u0119ki odprawie otwierali &#8222;biznesy&#8221;.<\/p>\n<p>Kilka lat p\u00f3\u017aniej, gdy koniunktura na w\u0119giel wr\u00f3ci\u0142a, kopalnie przyjmowa\u0142y ich z otwartymi ramionami.<\/p>\n<p>Tak to jest, gdy si\u0119 rzeczywisto\u015b\u0107 nagina do wyobra\u017ce\u0144 i kszta\u0142tuje j\u0105 metod\u0105 &#8222;na Nostradamusa&#8221;, o kt\u00f3rego profetycznych umiej\u0119tno\u015bciach zawsze przekonujemy si\u0119 &#8222;do ty\u0142u&#8221;.<\/p>\n<p>Potraficie Pa\u0144stwo przytoczy\u0107 jakie\u015b sprawdzone prognozy w perspektywie pi\u0119\u0107dziesi\u0119ciu lat?<\/p>\n<p>Gdyby kto\u015b p\u00f3\u0142 wieku temu powiedzia\u0142, i\u017c USA b\u0119d\u0105 exporterem ropy i gazu, sugerowano by mu wizyt\u0119 w domu bez klamek. I co? To si\u0119 dzieje.<\/p>\n<p>Ze sto lat temu przewidywano, i\u017c b\u0119dziemy si\u0119 dzisiaj przemieszcza\u0107 lataj\u0105cymi samochodami, chor\u00f3b nie b\u0119dzie, itp. itd.<\/p>\n<p>I cho\u0107 powy\u017csze zdanie mo\u017ce si\u0119 wyda\u0107 zej\u015bciem na poziom absurdu, to narracja wielu \u015brodowisk pe\u0142nych szczytnych hase\u0142 sprowadza si\u0119 w\u0142a\u015bnie do tego.<\/p>\n<p>My si\u0119 mamy po\u015bwi\u0119ca\u0107, by przysz\u0142e pokolenia nie musia\u0142y. Dziwnym trafem nawo\u0142uj\u0105cy do po\u015bwi\u0119ce\u0144 sami nie musz\u0105 sobie niczego odmawia\u0107, a najcz\u0119\u015bciej owo namawianie stanowi ich \u017ar\u00f3d\u0142o utrzymania.<\/p>\n<p>Realia s\u0105 takie, i\u017c kto ma zarobi\u0107, zarobi i tylko szkoda autentycznie zaanga\u017cowanych ludzi przekonanych o pozytywnych skutkach swego dzia\u0142ania.<\/p>\n<p>Postulujemy wi\u0119c mniej stara\u0144 by naprawi\u0107 \u015bwiat, a wi\u0119cej zdrowego rozs\u0105dku.<\/p>\n<p>Jest kilka fakt\u00f3w bezspornych, jak to, i\u017c czynnikiem reguluj\u0105cym klimat na \u015bwiecie s\u0105 oceany, El Ninho skutkuje efektem motyla, a o &#8222;klimacie&#8221; w Europie decyduje Golfsztrom.<\/p>\n<p>Wrzucamy w przegl\u0105dark\u0119 ostatni\u0105 z wymienionych nazw chc\u0105c sprawdzi\u0107 co tam ostatnio s\u0142ycha\u0107 u Pr\u0105du Zatokowego. Jeden z pierwszych link\u00f3w odsy\u0142a nas na stron\u0119 sympatycznego ma\u0142\u017ce\u0144stwa, kt\u00f3rego naukowych program\u00f3w w TOK FM niestety nie jeste\u015bmy fanami (https:\/\/www.crazynauka.pl\/golfsztrom-gwaltownie-slabnie-a-od-niego-zalezy-klimat-europy\/).<\/p>\n<p>W oko wpada pogrubione zdanie &#8222;<span class=\"cb-itemprop\"> Os\u0142abienie AMOC wi\u0105za\u0142oby si\u0119 te\u017c ze znacznym <strong>obni\u017ceniem temperatur zim\u0105 w Europie, ale te\u017c z cz\u0119stszym pojawianiem si\u0119 fal upa\u0142\u00f3w w okresie letnim po obu stronach Atlantyku<\/strong>.<\/span>&#8221;<\/p>\n<p>I\u015bcie salomonowe stwierdzenie, b\u0119dzie zimniej ale cieplej.<\/p>\n<p>To jak\u0105 to zim\u0119 mieli\u015bmy w tym roku? W\u0119gla za du\u017co nie posz\u0142o.<\/p>\n<p>I czego to dowodzi? Niczego. Tegoroczna ciep\u0142a zima stoi w ewidentnej sprzeczno\u015bci z powy\u017csz\u0105 teori\u0105 ale jej nie obali, nawet gdyby powt\u00f3rzy\u0142a si\u0119 corocznie w najbli\u017cszym dziesi\u0119cioleciu.<\/p>\n<p>Zerkamy jeszcze tu i tam w Sieci i nagle okazuje si\u0119, i\u017c przytoczona przez nas wcze\u015bniej, jako &#8222;osobliwa&#8221; i propagowana przez ma\u0142a grup\u0119 naukowc\u00f3w koncepcja o och\u0142odzeniu b\u0119d\u0105cym skutkiem ocieplenia, to teza dominuj\u0105ca, a nie marginalna, tyle \u017ce nie pasuje ona do kreowanej rzeczywisto\u015bci.<\/p>\n<p>Przynajmniej w Europie, gdy\u017c s\u0142abni\u0119ciu Golfsztromu jest faktem. To warto\u015bci mierzalne potwierdzane badaniami, a za przyczyn\u0119 zmiany uwa\u017ca si\u0119 w\u0142a\u015bnie ocieplenie klimatu i topnienie lodowc\u00f3w.<\/p>\n<p>W tym momencie ponownie pojawia si\u0119 kluczowy z biznesowego punktu widzenia element, jakim jest wp\u0142yw cz\u0142owieka na owo zjawisko.<\/p>\n<p>Zaprezentowany w pocz\u0105tkowej cz\u0119\u015bci artyku\u0142u wykres pokazuje, i\u017c znajdujemy si\u0119 blisko cyklicznej, naturalnej g\u00f3rki &#8222;cieplnej&#8221;.<\/p>\n<p>Jest to jaki\u015b argument w dyskusji. Nieprawda\u017c?<\/p>\n<p>Ko\u0144cz\u0105c w\u0105tek ocieplenia skutkuj\u0105cego och\u0142odzeniem. W mainstreamowym przekazie cicho o tym i w sumie nie ma si\u0119 co dziwi\u0107.<\/p>\n<p>Po prawdzie troch\u0119 jednak si\u0119 dziwimy. Dziwimy si\u0119 mediom, kt\u00f3re g\u0142osz\u0105, i\u017c s\u0105 obiektywne i uczciwie relacjonuj\u0105 rzeczywisto\u015b\u0107, a faktycznie staraj\u0105 si\u0119 j\u0105 kreowa\u0107 zgodnie z jak\u0105\u015b tam wizj\u0105, a najpewniej interesem. Poniewa\u017c ta &#8222;technika&#8221; nie dotyczy wy\u0142\u0105cznie &#8222;ekologii&#8221;, ka\u017cdego dnia si\u0119 zastanawiamy, co ci ludzie widz\u0105 patrz\u0105c w lustro. Wiecie Pa\u0144stwo &#8222;dziennikarze&#8221;. Wy jeste\u015bcie ci &#8222;lepsi&#8221;, wy nie manipulujecie. Tak przynajmniej twierdzicie.<\/p>\n<p>Ostatnie lata by\u0142y dosy\u0107 ciep\u0142e wi\u0119c has\u0142o &#8222;ocieplenie&#8221; trafia na odpowiedni, hehe, &#8222;klimat&#8221;, a \u017ce to nie ca\u0142kiem tak jest, to niewa\u017cne. W ko\u0144cu by dotrze\u0107 do prawdy trzeba na to po\u015bwi\u0119ci\u0107 troch\u0119 czasu, a czas to pieni\u0105dz.<\/p>\n<p>Generalnie przewidujemy zmian\u0119 narracji. Dominuj\u0105cym przekazem nie b\u0119dzie ocieplenie czy och\u0142odzenie ale o wiele bezpieczniejszy termin &#8222;anomalie pogodowe&#8221; jako skutek dzia\u0142alno\u015bci cz\u0142owieka.<\/p>\n<p>Nie nawo\u0142ujemy tu do bierno\u015bci, wr\u0119cz przeciwnie. Chcemy zach\u0119ca\u0107 do podj\u0119cia dzia\u0142a\u0144 faktycznie i niemal natychmiast przek\u0142adaj\u0105cych si\u0119 na jako\u015b\u0107 naszego \u017cycia, na kt\u00f3rych i \u015brodowisko by skorzysta\u0142o.<\/p>\n<p>Zacznijmy zmienia\u0107 rzeczy drobne, kt\u00f3re same z siebie prze\u0142o\u017c\u0105 si\u0119 na du\u017ce.<\/p>\n<p>Istnienia smogu i jego z\u0142ego wp\u0142ywu na nasze zdrowie nie spos\u00f3b zanegowa\u0107. Wszyscy te\u017c, zw\u0142aszcza ostatnio, widzimy nadmiar opakowa\u0144 foliowych w naszym otoczeniu. To realne problemy, nie trzeba wi\u0119c apelowa\u0107 do nie wiadomo jakich wznios\u0142ych cel\u00f3w i przywo\u0142ywa\u0107 przysz\u0142e pokolenia.<\/p>\n<p>Chyba nie ma polityka, kt\u00f3ry nie uznaje szkodliwo\u015bci wymienionych &#8222;produkt\u00f3w&#8221; (wielu myli smog z emisj\u0105 gaz\u00f3w cieplarnianych), wi\u0119c zwo\u0142anie w ich sprawie &#8222;okr\u0105g\u0142ego sto\u0142u&#8221; nie jest czym\u015b nierealnym, je\u015bli si\u0119 przy nim nie b\u0119dzie m\u00f3wi\u0107 o aborcji, adopcji dzieci przez pary LGBT i \u017co\u0142nierzach wykl\u0119tych.<\/p>\n<p>Skoro nie da si\u0119 obecnie rozwi\u0105za\u0107 problem\u00f3w kt\u00f3re dziel\u0105, mo\u017cna spr\u00f3bowa\u0107 rozwi\u0105za\u0107 te, kt\u00f3re \u0142\u0105cz\u0105 i po prostu na chwil\u0119 tych pierwszych nie porusza\u0107.<\/p>\n<p>Co mo\u017cna zrobi\u0107? Np. dwa(?) lata na ca\u0142kowite odej\u015bcie od drobnych produkt\u00f3w ropopochodnych jak w\u0142a\u015bnie &#8222;foli\u00f3wki&#8221;.<\/p>\n<p>Zamiast nich obowi\u0105zkowe torebki biodegrowadalne. Tylko i wy\u0142\u0105cznie. Ustawa i nie ma gadania.<\/p>\n<p>Trzy lata(?) na wymian\u0119 piec\u00f3w na mniej &#8222;kopc\u0105ce&#8221;. Tu oczywi\u015bcie skrajni ekokomuni\u015bci zakrzykn\u0105: &#8222;NIE! My chcemy ca\u0142kiem ich likwidacji&#8221;.<\/p>\n<p>C\u00f3\u017c&#8230; generalnie wierzymy\u00a0 w cz\u0142owieka, rozs\u0105dek grup i jednostek. Przy wsparciu medi\u00f3w, bez ogl\u0105dania si\u0119 na sympatie polityczne, z pewno\u015bci\u0105 da\u0142oby si\u0119 zrealizowa\u0107 \u00f3w ma\u0142y krok. Ma\u0142y, ale we w\u0142a\u015bciw\u0105 stron\u0119.<\/p>\n<p>Przecie\u017c smog jest g\u0142\u00f3wnie powodowany przez owe piece, nie przez przemys\u0142 i samochody.<\/p>\n<p>Nikt te\u017c nie zabroni ekologom kontynuowania dzia\u0142alno\u015bci i wysuwania dalej id\u0105cych postulat\u00f3w.<\/p>\n<p>Oczywi\u015bcie powy\u017csze &#8222;reformy&#8221; b\u0119d\u0105 kosztowa\u0142y realne pieni\u0105dze, a z zewn\u0105trz raczej nie da si\u0119 \u015brodk\u00f3w pozyska\u0107, gdy\u017c ju\u017c nasi ekokomuni\u015bci krzyczeli na Zachodzie, \u017ce polskie w\u0142adze zmieniaj\u0105 jedne piece w\u0119glowe na inne. Nie obchodzi\u0142o ich, \u017ce na czystsze.<\/p>\n<p>Z tego powodu tak wa\u017cne jest porozumienie &#8222;ponad podzia\u0142ami&#8221;.<\/p>\n<p>To by by\u0142y konkretne decyzje, przek\u0142adaj\u0105ce si\u0119 na nasze codzienne \u017cycie.<\/p>\n<p>Tylko czy komukolwiek zale\u017cy na konkretnych efektach?<\/p>\n<p>Przekle\u0144stwem demokracji jest to, i\u017c w rzeczywisto\u015bci nikt nie chce rozwi\u0105zywa\u0107 problem\u00f3w.<\/p>\n<p>Wr\u0119cz przeciwnie.<\/p>\n<p>Rozwi\u0105zany problem znika. Ko\u0144czy si\u0119 dyskusja\/walka na jego temat i jest pewne, i\u017c opinia publiczna znajdzie zaraz kolejny, niewykluczone \u017ce bardziej niezr\u0119czny dla w\u0142adzy, obiekt do ataku.<\/p>\n<p>Z tego wzgl\u0119du lepiej podejmowa\u0107 spektakularne akcje, m\u00f3wi\u0107 o zmaganiach, kre\u015bli\u0107 dalekosi\u0119\u017cne plany i wizje, a w rzeczywisto\u015bci problemu nie rozwi\u0105zywa\u0107.<\/p>\n<p>Opozycja korzysta z oczywistych wzgl\u0119d\u00f3w ale co gorsza, jest to r\u00f3wnie\u017c na r\u0119k\u0119 mediom, kt\u00f3re przecie\u017c \u017cyj\u0105 z &#8222;wojenki na g\u00f3rze&#8221;.<\/p>\n<p>Mo\u017cemy to doskonale zaobserwowa\u0107 przy okazji koronawirusa. Opozycja i media wal\u0105 na wszelkie sposoby w rz\u0105d, co by nie robi\u0142. W tej sytuacji rz\u0105d stara si\u0119 na wszystkie sposoby udowodni\u0107, \u017ce co\u015b robi. I robi b\u0142\u0119dy, w po\u015bpiechu, niestarannie. Gdy opozycja wytyka w\u0142adzy pomy\u0142ki, rz\u0105d si\u0119 t\u0142umaczy, \u017ce mamy czas prawie wojny. Dzia\u0142amy dynamicznie, a wi\u0119c i b\u0142\u0119dy si\u0119 zdarzaj\u0105.<\/p>\n<p>Generuje to ogromne straty i marnowanie \u015brodk\u00f3w.<\/p>\n<p>Poza \u015brodowiskiem najbardziej zagorza\u0142ych przeciwnik\u00f3w rz\u0105du, panuje opinia, i\u017c b\u0142yskawiczny lockdown przyni\u00f3s\u0142 pozytywne skutki i faktycznie powstrzyma\u0142 rozprzestrzenianie si\u0119 virusa.<\/p>\n<p>Pewnie dopiero wraz ze wspomnieniami emerytowanych polityk\u00f3w dowiemy si\u0119, czy by\u0142 on efektem przemy\u015blanej strategii, czy panicznej reakcji, by pokaza\u0107 zdecydowane dzia\u0142anie i wytr\u0105ci\u0107 argumenty z r\u0105k opozycji.<\/p>\n<p>Przylecia\u0142 transport maseczek &#8211; jest feta. Pog\u0142oski, i\u017c towar jest &#8222;trefny&#8221; &#8211; negacja, polemika. Dowody, i\u017c towar jest trefny &#8211; szukanie winnego. Oskar\u017cenia o nieudolno\u015b\u0107 i obrona z pozycji &#8222;tak si\u0119 staramy, ale oszu\u015bci s\u0105 wsz\u0119dzie&#8221;, itp. Wszystkiemu towarzysz\u0105 konferencje, wzajemne oskar\u017cenia. Raj dla polityk\u00f3w i prasy.<\/p>\n<p>Znalezienie wiarygodnego kontrahenta, sprawdzenie certyfikat\u00f3w i test towaru, zorganizowanie dostawy. W sytuacji ostrej konkurencji o jako\u015bciowo dobre produkty, a wr\u0119cz konieczno\u015b\u0107 licytowania cen, taka operacja wymaga czasu.<\/p>\n<p>O ile szybciej mo\u017cna zorganizowa\u0107 niesprawdzony transport licz\u0105c na szcz\u0119\u015bcie. Jak si\u0119 nie uda, jedni wyka\u017c\u0105 si\u0119 czujno\u015bci\u0105, a drudzy dzia\u0142aniem, nawet je\u015bli bezu\u017cytecznym.<\/p>\n<p>Szybkie, cho\u0107 cz\u0119sto chaotyczne dzia\u0142anie to politycznie mniejsze z\u0142o. Staranne dzia\u0142ania, nawet je\u015bli finalnie przynios\u0142yby lepsze efekty, stanowi\u0142yby po\u017cywk\u0119 dla opozycyjnej propagandy z racji pozornej bierno\u015bci. Obrona by\u0142aby trudna, wszak m\u00f3wiono by o przysz\u0142ych korzy\u015bciach &#8222;a przecie\u017c ludzie umieraj\u0105 tu i teraz&#8221;. To oczywi\u015bcie czysta demagogie ale jak j\u0105 odeprze\u0107?<\/p>\n<p>Cho\u0107 ca\u0142kowicie inne od \u015bwiatowych, je\u015bli chodzi o konkretne rozwi\u0105zania, przemy\u015blane dzia\u0142ania podj\u0119\u0142a Szwecja. Prawdopodobne korzy\u015bci(?) s\u0105 odsuni\u0119te w czasie, a ofiary &#8222;tu i teraz&#8221; s\u0105 &#8222;wliczone w cen\u0119&#8221;. To ogromne ryzyko i nie jest wykluczone, i\u017c decydenci mog\u0105 zosta\u0107 za nie poci\u0105gni\u0119ci do odpowiedzialno\u015bci. Oczywi\u015bcie je\u015bli ich strategia oka\u017ce si\u0119 b\u0142\u0119dn\u0105.<\/p>\n<p>Wyobra\u017acie sobie Pa\u0144stwo co by si\u0119 dzia\u0142o, gdyby polski rz\u0105d zdecydowa\u0142 si\u0119 na szwedzk\u0105 &#8222;drog\u0119&#8221;.<\/p>\n<p>W kraju z w miar\u0119 silnym &#8222;pierwiastkiem katolickim&#8221; post\u0119powanie analogiczne do szwedzkiego chyba nadal jest niemo\u017cliwe.<\/p>\n<p>\u015awietnym przyk\u0142adem atak\u00f3w na rz\u0105d z powodu bierno\u015bci jest zarzut, i\u017c nie chce on pomocy dla przedsi\u0119biorc\u00f3w przyznawa\u0107 na wz\u00f3r niemiecki, czyli najpierw da\u0107, a potem sprawdza\u0107.<\/p>\n<p>Zagl\u0105damy na strony Deutsche Welle i wcale nie jest to takie proste, ale co ciekawsze, nie s\u0142yszeli\u015bmy, by opozycja wspiera\u0142a inny postulat z niemieckiej pomocy, tj. by pa\u0144stwo mog\u0142o przejmowa\u0107 firmy (oczywi\u015bcie w ostateczno\u015bci) (https:\/\/www.dw.com\/pl\/niemcy-pomoc-rz%C4%85du-dla-przedsi%C4%99biorc%C3%B3w\/a-52883816).<\/p>\n<p>Przypomnijmy pewn\u0105, wzorowan\u0105 na niemieckiej akcj\u0119, fajnie pokazuj\u0105c\u0105 r\u00f3\u017cnice pomi\u0119dzy mentalno\u015bci\u0105 naszych narod\u00f3w. Jaki\u015b czas temu Lidl zorganizowa\u0142 promocj\u0119 &#8222;Absolutna satysfakcja albo zwrot pieni\u0119dzy&#8221;. Do 30 dni, z paragonem mo\u017cna by\u0142o zwr\u00f3ci\u0107 pude\u0142ko po towarze gdy np. nam nie smakowa\u0142.<\/p>\n<p>Tak wi\u0119c nasi &#8222;kreatywni&#8221; rodacy kupowali produkty, wypakowywali, po czym zwracali puste opakowania.<\/p>\n<p>Przyk\u0142ad idzie z g\u00f3ry, mo\u017cna by rzec, cho\u0107 to g\u00f3rka&#8230; hmmm&#8230; Swego czasu, znany z niedotrzymywania s\u0142owa, Pan Jaros\u0142aw Ku\u017aniar, chwali\u0142 si\u0119, i\u017c po przyje\u017adzie do USA kupi\u0142 r\u00f3\u017cne pierd\u00f3\u0142ki, typu wanienka dla dziecka itp., a przed powrotem wszystko zwr\u00f3ci\u0142, z argumentem, i\u017c mu &#8222;nie pasowa\u0142o&#8221;.<\/p>\n<p>Z jednej strony my\u015bl: &#8222;\u017ca\u0142osny go\u015b\u0107&#8221;, ale gdzie\u015b tam malutki podziw bo&#8230; normalnie a\u017c nam wstyd, ale my tak nie potrafimy. Jaki\u015b defekt etyczny, a bynajmniej idealni nie jeste\u015bmy.<\/p>\n<p>S\u0105 r\u00f3wnie\u017c dobre strony tego, i\u017c Polacy ust\u0119puj\u0105 w owej legendarnej &#8222;porz\u0105dno\u015bci&#8221; Niemcom, ale o tym napiszemy za jaki\u015b czas, tymczasem chyba Pa\u0144stwo rozumiecie popart\u0105 powy\u017cszym przyk\u0142adem sugesti\u0119, jak wygl\u0105da w naszym narodzie dawanie czegokolwiek &#8222;z g\u00f3ry&#8221;.<\/p>\n<p>Ostatnie dwie uwagi odno\u015bnie klimatu. Excytujemy si\u0119 extremalnymi zjawiskami pogodowymi na \u015bwiecie. Wielki grad, burza, huragan, pow\u00f3d\u017a, po\u017cary i zwi\u0105zane z nimi wyciskaj\u0105ce \u0142zy sceny gin\u0105cych zwierz\u0105t. Martwimy si\u0119. Co si\u0119 dzieje?<\/p>\n<p>Nic nadzwyczajnego. S\u0105 np. gatunki drzew, kt\u00f3re bez po\u017caru nie &#8222;uwolni\u0105&#8221; nasion.<\/p>\n<p>\u017byjemy po prostu w czasach b\u0142yskawicznego przep\u0142ywu informacji. Dzi\u0119ki mediom i Internetowi otrzymujemy w kilka sekund informacje z ca\u0142ego \u015bwiata, a \u017ce wiadomo\u015bci z\u0142e s\u0105 bardziej medialne ni\u017c dobre, nast\u0119puje newsowa kumulacja katastrof i tworzy si\u0119 paskudne wra\u017cenie, i\u017c \u015bwiat si\u0119 ko\u0144czy. Tymczasem dzieje si\u0119 tyle co zwykle. Ani wi\u0119cej, ani mniej, tyle \u017ce na ca\u0142ym globie.<\/p>\n<p>Na koniec ciekawostka z ostatnich dni.<\/p>\n<p>The largest ever hole that has been detected in the ozone layer over the Arctic has closed just weeks after its sudden formation.<\/p>\n<p>(https:\/\/news.sky.com\/story\/record-ozone-hole-disappears-over-the-arctic-just-weeks-after-being-discovered-11980383)<\/p>\n<p>M\u0142odsi czytelnicy nie mog\u0105 pami\u0119ta\u0107, a i starsi pewnie ju\u017c zapomnieli czasy, gdy na prze\u0142omie mrocznych lat osiemdziesi\u0105tych i dziewi\u0119\u0107dziesi\u0105tych ludzko\u015b\u0107 walczy\u0142a z dziur\u0105 ozonow\u0105.<\/p>\n<p>A ta wspomniana powy\u017cej najwyra\u017aniej pope\u0142ni\u0142a seppuku.<\/p>\n<p>Przypisy:<\/p>\n<p>(1) Troszk\u0119 ten termin straci\u0142 w ostatnich latach swoje znaczenie, w\u0142a\u015bciwszy wydaje si\u0119 termin &#8222;politycznie poprawne media&#8221;.<\/p>\n<p class=\"bawpvc-ajax-counter\" data-id=\"1720\">\n","protected":false},"excerpt":{"rendered":"<p>Poni\u017cszy materia\u0142 dotyczy przekazywanych w mainstreamowych(1) mediach tre\u015bci zwi\u0105zanych z <a class=\"more-link\" href=\"https:\/\/oko.pres-24.pl\/?p=1720\">Czytaj dalej \u2192<\/a><\/p>\n","protected":false},"author":1,"featured_media":0,"comment_status":"open","ping_status":"closed","sticky":false,"template":"","format":"standard","meta":{"footnotes":""},"categories":[1],"tags":[],"class_list":["post-1720","post","type-post","status-publish","format-standard","hentry","category-uncategorized"],"aioseo_notices":[],"_links":{"self":[{"href":"https:\/\/oko.pres-24.pl\/index.php?rest_route=\/wp\/v2\/posts\/1720","targetHints":{"allow":["GET"]}}],"collection":[{"href":"https:\/\/oko.pres-24.pl\/index.php?rest_route=\/wp\/v2\/posts"}],"about":[{"href":"https:\/\/oko.pres-24.pl\/index.php?rest_route=\/wp\/v2\/types\/post"}],"author":[{"embeddable":true,"href":"https:\/\/oko.pres-24.pl\/index.php?rest_route=\/wp\/v2\/users\/1"}],"replies":[{"embeddable":true,"href":"https:\/\/oko.pres-24.pl\/index.php?rest_route=%2Fwp%2Fv2%2Fcomments&post=1720"}],"version-history":[{"count":11,"href":"https:\/\/oko.pres-24.pl\/index.php?rest_route=\/wp\/v2\/posts\/1720\/revisions"}],"predecessor-version":[{"id":1791,"href":"https:\/\/oko.pres-24.pl\/index.php?rest_route=\/wp\/v2\/posts\/1720\/revisions\/1791"}],"wp:attachment":[{"href":"https:\/\/oko.pres-24.pl\/index.php?rest_route=%2Fwp%2Fv2%2Fmedia&parent=1720"}],"wp:term":[{"taxonomy":"category","embeddable":true,"href":"https:\/\/oko.pres-24.pl\/index.php?rest_route=%2Fwp%2Fv2%2Fcategories&post=1720"},{"taxonomy":"post_tag","embeddable":true,"href":"https:\/\/oko.pres-24.pl\/index.php?rest_route=%2Fwp%2Fv2%2Ftags&post=1720"}],"curies":[{"name":"wp","href":"https:\/\/api.w.org\/{rel}","templated":true}]}}