{"id":1671,"date":"2020-05-07T16:55:27","date_gmt":"2020-05-07T16:55:27","guid":{"rendered":"http:\/\/oko.pres-24.pl\/?p=1671"},"modified":"2020-12-26T16:41:04","modified_gmt":"2020-12-26T15:41:04","slug":"taka-demokracja-jacy-jej-obroncy-czyli-krotko-bo-na-wzburzeniu-rzecz-o-w-cimoszewiczu","status":"publish","type":"post","link":"https:\/\/oko.pres-24.pl\/?p=1671","title":{"rendered":"Taka demokracja jacy jej obro\u0144cy, czyli (kr\u00f3tko bo na &#8222;wzburzeniu&#8221;) rzecz o W.Cimoszewiczu."},"content":{"rendered":"<p>W\u0142a\u015bnie sko\u0144czy\u0142a si\u0119 w Radiu TOK FM pierwsza cz\u0119\u015b\u0107 &#8222;Wywiadu politycznego&#8221; prowadzonego przez Pani\u0105 K.Lewick\u0105. W roli obro\u0144cy demokracji wyst\u0105pi\u0142 ciesz\u0105cy si\u0119 pi\u0119knym sta\u017cem w PZPR (od 1971 r.) pose\u0142 Sejmu kontraktowego z ramienia owej partii, W\u0142odzimierz Cimoszewicz. Ech te figle historii.<\/p>\n<p>Nigdy nie przestaniemy si\u0119 dziwi\u0107 ludziom, kt\u00f3rzy siebie stawiaj\u0105c w roli autorytet\u00f3w, obra\u017caj\u0105 innych, nie sil\u0105c si\u0119 na nawet najsubtelniejsz\u0105 refleksj\u0119, jakie s\u0105 \u017ar\u00f3d\u0142a owej tak przez nich krytykowanej rzeczywisto\u015bci.\u00a0 Zw\u0142aszcza je\u015bli si\u0119 bra\u0142o udzia\u0142 w jej kreowaniu.<\/p>\n<p class=\"bawpvc-ajax-counter\" data-id=\"1671\">\n","protected":false},"excerpt":{"rendered":"<p>W\u0142a\u015bnie sko\u0144czy\u0142a si\u0119 w Radiu TOK FM pierwsza cz\u0119\u015b\u0107 &#8222;Wywiadu <a class=\"more-link\" href=\"https:\/\/oko.pres-24.pl\/?p=1671\">Czytaj dalej \u2192<\/a><\/p>\n","protected":false},"author":1,"featured_media":0,"comment_status":"open","ping_status":"closed","sticky":false,"template":"","format":"standard","meta":{"footnotes":""},"categories":[1],"tags":[],"class_list":["post-1671","post","type-post","status-publish","format-standard","hentry","category-uncategorized"],"aioseo_notices":[],"_links":{"self":[{"href":"https:\/\/oko.pres-24.pl\/index.php?rest_route=\/wp\/v2\/posts\/1671","targetHints":{"allow":["GET"]}}],"collection":[{"href":"https:\/\/oko.pres-24.pl\/index.php?rest_route=\/wp\/v2\/posts"}],"about":[{"href":"https:\/\/oko.pres-24.pl\/index.php?rest_route=\/wp\/v2\/types\/post"}],"author":[{"embeddable":true,"href":"https:\/\/oko.pres-24.pl\/index.php?rest_route=\/wp\/v2\/users\/1"}],"replies":[{"embeddable":true,"href":"https:\/\/oko.pres-24.pl\/index.php?rest_route=%2Fwp%2Fv2%2Fcomments&post=1671"}],"version-history":[{"count":3,"href":"https:\/\/oko.pres-24.pl\/index.php?rest_route=\/wp\/v2\/posts\/1671\/revisions"}],"predecessor-version":[{"id":1674,"href":"https:\/\/oko.pres-24.pl\/index.php?rest_route=\/wp\/v2\/posts\/1671\/revisions\/1674"}],"wp:attachment":[{"href":"https:\/\/oko.pres-24.pl\/index.php?rest_route=%2Fwp%2Fv2%2Fmedia&parent=1671"}],"wp:term":[{"taxonomy":"category","embeddable":true,"href":"https:\/\/oko.pres-24.pl\/index.php?rest_route=%2Fwp%2Fv2%2Fcategories&post=1671"},{"taxonomy":"post_tag","embeddable":true,"href":"https:\/\/oko.pres-24.pl\/index.php?rest_route=%2Fwp%2Fv2%2Ftags&post=1671"}],"curies":[{"name":"wp","href":"https:\/\/api.w.org\/{rel}","templated":true}]}}