{"id":1658,"date":"2020-05-05T06:28:57","date_gmt":"2020-05-05T06:28:57","guid":{"rendered":"http:\/\/oko.pres-24.pl\/?p=1658"},"modified":"2020-12-26T16:41:04","modified_gmt":"2020-12-26T15:41:04","slug":"jak-niemcy-przygotowuja-sie-do-otwarcia-szkol","status":"publish","type":"post","link":"https:\/\/oko.pres-24.pl\/?p=1658","title":{"rendered":"Jak Niemcy przygotowuj\u0105 si\u0119 do otwarcia szk\u00f3\u0142."},"content":{"rendered":"<p>Oto kilka nades\u0142anych nam przez czytelnika zdj\u0119\u0107, pokazuj\u0105cych jak szko\u0142y w Niemczech (a przynajmniej w tym landzie) przygotowuj\u0105 si\u0119 do ponownego otwarcia.<\/p>\n<p><img loading=\"lazy\" decoding=\"async\" class=\"alignnone  wp-image-1660\" src=\"http:\/\/oko.pres-24.pl\/wp-content\/uploads\/2020\/05\/4-300x169.jpg\" alt=\"\" width=\"442\" height=\"249\" srcset=\"https:\/\/oko.pres-24.pl\/wp-content\/uploads\/2020\/05\/4-300x169.jpg 300w, https:\/\/oko.pres-24.pl\/wp-content\/uploads\/2020\/05\/4-768x432.jpg 768w, https:\/\/oko.pres-24.pl\/wp-content\/uploads\/2020\/05\/4-1024x576.jpg 1024w, https:\/\/oko.pres-24.pl\/wp-content\/uploads\/2020\/05\/4.jpg 1599w\" sizes=\"auto, (max-width: 442px) 100vw, 442px\" \/><\/p>\n<p>Jak wida\u0107 montowane s\u0105 umywalki na zewn\u0105trz budynku, a pomi\u0119dzy pisuarami i ubikacjami tworzone s\u0105 &#8222;odst\u0119py&#8221;.<\/p>\n<p><img loading=\"lazy\" decoding=\"async\" class=\"alignnone  wp-image-1661\" src=\"http:\/\/oko.pres-24.pl\/wp-content\/uploads\/2020\/05\/1-300x169.jpg\" alt=\"\" width=\"444\" height=\"250\" srcset=\"https:\/\/oko.pres-24.pl\/wp-content\/uploads\/2020\/05\/1-300x169.jpg 300w, https:\/\/oko.pres-24.pl\/wp-content\/uploads\/2020\/05\/1-768x432.jpg 768w, https:\/\/oko.pres-24.pl\/wp-content\/uploads\/2020\/05\/1-1024x576.jpg 1024w, https:\/\/oko.pres-24.pl\/wp-content\/uploads\/2020\/05\/1.jpg 1600w\" sizes=\"auto, (max-width: 444px) 100vw, 444px\" \/><\/p>\n<p>&nbsp;<\/p>\n<p><img loading=\"lazy\" decoding=\"async\" class=\"alignnone  wp-image-1662\" src=\"http:\/\/oko.pres-24.pl\/wp-content\/uploads\/2020\/05\/3-169x300.jpg\" alt=\"\" width=\"244\" height=\"433\" srcset=\"https:\/\/oko.pres-24.pl\/wp-content\/uploads\/2020\/05\/3-169x300.jpg 169w, https:\/\/oko.pres-24.pl\/wp-content\/uploads\/2020\/05\/3-768x1366.jpg 768w, https:\/\/oko.pres-24.pl\/wp-content\/uploads\/2020\/05\/3-576x1024.jpg 576w, https:\/\/oko.pres-24.pl\/wp-content\/uploads\/2020\/05\/3.jpg 899w\" sizes=\"auto, (max-width: 244px) 100vw, 244px\" \/><\/p>\n<p>Poni\u017csze zdj\u0119cie dedykujemy jakiemu\u015b b\u0142aznowi z kt\u00f3rym w\u0142a\u015bnie rozmawia Pan Ma\u015blak w Radiu TOK FM (5.05.2020 tu\u017c przed 7 rano).<\/p>\n<p>Jak rozumiemy z wypowiedzi, \u00f3w Pan pracuje w przemy\u015ble rozrywkowym, wi\u0119c termin &#8222;b\u0142azen&#8221;, jak nam si\u0119 wydaje, raczej mu schlebia, cho\u0107 bior\u0105c pod uwag\u0119 j\u0119zyk jakim si\u0119 wypowiada, nale\u017ca\u0142oby go okre\u015bli\u0107 terminami te\u017c z &#8222;przemys\u0142u&#8221;, ale nie rozrywkowego.<\/p>\n<p>Nie da si\u0119 ukry\u0107, i\u017c poranny program Pana Ma\u015blaka to odpowiednie miejsce dla takich wyst\u0119p\u00f3w, ale prosimy owego mistrza dowcipu, kt\u00f3ry nabija\u0142 si\u0119 z konieczno\u015bci t\u0142umaczenia dzieciom jak maj\u0105 kicha\u0107 i jak si\u0119 wita\u0107, by zerkn\u0105\u0142, i\u017c ho\u0142ubione w TOK FM pa\u0144stwo Niemieckie to w\u0142a\u015bnie robi.<\/p>\n<p>Ludzi g\u0142upich nam \u017cal, ludzi ob\u0142udnych i fa\u0142szywych nie lubimy, ale gardzimy tylko lud\u017ami, kt\u00f3rzy gardz\u0105 innymi lud\u017ami.<\/p>\n<p><img loading=\"lazy\" decoding=\"async\" class=\"alignnone  wp-image-1659\" src=\"http:\/\/oko.pres-24.pl\/wp-content\/uploads\/2020\/05\/2-169x300.jpg\" alt=\"\" width=\"283\" height=\"502\" srcset=\"https:\/\/oko.pres-24.pl\/wp-content\/uploads\/2020\/05\/2-169x300.jpg 169w, https:\/\/oko.pres-24.pl\/wp-content\/uploads\/2020\/05\/2-768x1365.jpg 768w, https:\/\/oko.pres-24.pl\/wp-content\/uploads\/2020\/05\/2-576x1024.jpg 576w, https:\/\/oko.pres-24.pl\/wp-content\/uploads\/2020\/05\/2.jpg 900w\" sizes=\"auto, (max-width: 283px) 100vw, 283px\" \/><\/p>\n<p>&nbsp;<\/p>\n<p class=\"bawpvc-ajax-counter\" data-id=\"1658\">\n","protected":false},"excerpt":{"rendered":"<p>Oto kilka nades\u0142anych nam przez czytelnika zdj\u0119\u0107, pokazuj\u0105cych jak szko\u0142y <a class=\"more-link\" href=\"https:\/\/oko.pres-24.pl\/?p=1658\">Czytaj dalej \u2192<\/a><\/p>\n","protected":false},"author":1,"featured_media":0,"comment_status":"open","ping_status":"closed","sticky":false,"template":"","format":"standard","meta":{"footnotes":""},"categories":[1],"tags":[],"class_list":["post-1658","post","type-post","status-publish","format-standard","hentry","category-uncategorized"],"aioseo_notices":[],"_links":{"self":[{"href":"https:\/\/oko.pres-24.pl\/index.php?rest_route=\/wp\/v2\/posts\/1658","targetHints":{"allow":["GET"]}}],"collection":[{"href":"https:\/\/oko.pres-24.pl\/index.php?rest_route=\/wp\/v2\/posts"}],"about":[{"href":"https:\/\/oko.pres-24.pl\/index.php?rest_route=\/wp\/v2\/types\/post"}],"author":[{"embeddable":true,"href":"https:\/\/oko.pres-24.pl\/index.php?rest_route=\/wp\/v2\/users\/1"}],"replies":[{"embeddable":true,"href":"https:\/\/oko.pres-24.pl\/index.php?rest_route=%2Fwp%2Fv2%2Fcomments&post=1658"}],"version-history":[{"count":1,"href":"https:\/\/oko.pres-24.pl\/index.php?rest_route=\/wp\/v2\/posts\/1658\/revisions"}],"predecessor-version":[{"id":1663,"href":"https:\/\/oko.pres-24.pl\/index.php?rest_route=\/wp\/v2\/posts\/1658\/revisions\/1663"}],"wp:attachment":[{"href":"https:\/\/oko.pres-24.pl\/index.php?rest_route=%2Fwp%2Fv2%2Fmedia&parent=1658"}],"wp:term":[{"taxonomy":"category","embeddable":true,"href":"https:\/\/oko.pres-24.pl\/index.php?rest_route=%2Fwp%2Fv2%2Fcategories&post=1658"},{"taxonomy":"post_tag","embeddable":true,"href":"https:\/\/oko.pres-24.pl\/index.php?rest_route=%2Fwp%2Fv2%2Ftags&post=1658"}],"curies":[{"name":"wp","href":"https:\/\/api.w.org\/{rel}","templated":true}]}}