{"id":156,"date":"2017-02-17T15:37:59","date_gmt":"2017-02-17T15:37:59","guid":{"rendered":"http:\/\/oko.pres-24.pl\/?p=156"},"modified":"2017-02-17T15:46:26","modified_gmt":"2017-02-17T15:46:26","slug":"niedouczona-opozycja","status":"publish","type":"post","link":"https:\/\/oko.pres-24.pl\/?p=156","title":{"rendered":"Niedouczona opozycja."},"content":{"rendered":"<p>B\u0119dzie kr\u00f3tko bo si\u0119 boimy \u017ce nas nerwy ponios\u0105.<\/p>\n<p>Ponownie dosz\u0142o do kompromitacji tzw. elit dziennikarskich, tym razem nie tylko polskich. Chodzi o pytanie brytyjskiego dziennikarza niemieckiej stacji Deutsche Welle do premiera Morawieckiego:<\/p>\n<p>&#8222;Czy jest co\u015b wa\u017cniejszego ni\u017c prawo?&#8221; (stanowione-przyp.Red.).<\/p>\n<p>Premier Morawiecki wypowiedzia\u0142 si\u0119 w tej kwestii jednoznacznie, w spos\u00f3b klarowny, na ile pozwala\u0142y mu wtr\u0119ty dziennikarza, uzasadniaj\u0105c swoje stanowisko (prawd\u0119 m\u00f3wi\u0105c zrelacjonowa\u0142 stanowisko nauki w tej kwestii).<\/p>\n<p>Stanowisko to brzmi:<\/p>\n<p><strong>PRAWO STANOWIONE NIE STOI PONAD PRAWEM NATURALNYM.<\/strong><\/p>\n<p>Jest to prawda powszechnie znana i akceptowana w \u015brodowisku (dobrze wyedukowanych) historyk\u00f3w, prawnik\u00f3w i generalnie ludzi obracaj\u0105cych si\u0119 zawodowo lub nie w obr\u0119bie tych temat\u00f3w.<\/p>\n<p>Podstaw\u0105 do jednoznacznego sformu\u0142owania tej teorii sta\u0142a si\u0119 kariera polityczna A.Hitlera.<\/p>\n<p>W\u00f3dz III Rzeszy doszed\u0142 do w\u0142adzy legaln\u0105 drog\u0105. Wykorzysta\u0142 s\u0142abo\u015b\u0107 systemu Republiki Weimarskiej i manipuluj\u0105c jej organami przej\u0105\u0142 w\u0142adz\u0119. Nast\u0119pnie, r\u00f3wnie\u017c w drodze akt\u00f3w prawnych umocni\u0142 j\u0105, zapewniaj\u0105c sobie przesz\u0142o 10 lat niczym nieskr\u0119powanej w\u0142adzy.<\/p>\n<p>W ci\u0105gu tych z g\u00f3r\u0105 10 lat w drodze prawa stanowionego, tzw. prawa pozytywnego, ustanawianego przez uprawnione do tego organy pa\u0144stwa, zagrabiano w\u0142asno\u015b\u0107 prywatn\u0105, wi\u0119ziono i mordowano ludzi z racji na ich opozycyjny stosunek wobec w\u0142adz III Rzeszy oraz pochodzenie. Powt\u00f3rzmy, by\u0142o to w pe\u0142ni zgodne z prawem. Prawem III Rzeszy.<\/p>\n<p>Wydarzenia te jednoznacznie udowodni\u0142y, i\u017c prawo stanowione, kt\u00f3rego fundamentem nie s\u0105 prawa naturalne prowadzi do przemocy. Innymi s\u0142owy, <strong>prawo nie mo\u017ce sta\u0107 ponad moralno\u015bci\u0105.<\/strong><\/p>\n<p>Tymczasem guru opozycyjnego dziennikarstwa, Redaktor T.Lis oburza si\u0119 w porannej audycji Radia TOK FM (17.02.2017r.) przy aprobacie obecnych w studiu Pan\u00f3w: \u017bakowskiego, Wo\u0142ka i W\u0142adyki, na s\u0142owa premiera.<\/p>\n<p>To kolejna kompromitacja Redaktora ujawniaj\u0105ca jego braki w edukacji.<\/p>\n<p>\u015amieszy (przez \u0142zy) chwil\u0119 p\u00f3\u017aniejsza wypowied\u017a Redaktora Wo\u0142ka, kt\u00f3ry chc\u0105c poprze\u0107 s\u0142owa kolegi, przytoczy\u0142 przyk\u0142ady o dok\u0142adnie odwrotnym znaczeniu. W czym si\u0119 zreszt\u0105 nie po\u0142apa\u0142.<\/p>\n<p>Co na to historyk, prof. W\u0142adyka? Nic.<\/p>\n<p>ps.<\/p>\n<p>Zwracamy si\u0119 do niepodpisanego autora artyku\u0142u na portalu Newsweek.pl , po\u015bwi\u0119conego omawianemu wywiadowi z p.Morawieckim.<\/p>\n<p>http:\/\/www.newsweek.pl\/polska\/mateusz-morawiecki-w-deutsche-welle,artykuly,405372,1.html<\/p>\n<p>Szanowny Panie, u\u017cywanie w powa\u017cnym tygodniku, w powa\u017cnym artykule zwrot\u00f3w typu: &#8222;&#8230;zgasi\u0142 ministra dziennikarz.&#8221; to g\u00f3wniarstwo a nie dziennikarstwo.<\/p>\n<p class=\"bawpvc-ajax-counter\" data-id=\"156\">\n","protected":false},"excerpt":{"rendered":"<p>B\u0119dzie kr\u00f3tko bo si\u0119 boimy \u017ce nas nerwy ponios\u0105. Ponownie <a class=\"more-link\" href=\"https:\/\/oko.pres-24.pl\/?p=156\">Czytaj dalej \u2192<\/a><\/p>\n","protected":false},"author":1,"featured_media":0,"comment_status":"open","ping_status":"open","sticky":false,"template":"","format":"standard","meta":{"footnotes":""},"categories":[1],"tags":[],"class_list":["post-156","post","type-post","status-publish","format-standard","hentry","category-uncategorized"],"aioseo_notices":[],"_links":{"self":[{"href":"https:\/\/oko.pres-24.pl\/index.php?rest_route=\/wp\/v2\/posts\/156","targetHints":{"allow":["GET"]}}],"collection":[{"href":"https:\/\/oko.pres-24.pl\/index.php?rest_route=\/wp\/v2\/posts"}],"about":[{"href":"https:\/\/oko.pres-24.pl\/index.php?rest_route=\/wp\/v2\/types\/post"}],"author":[{"embeddable":true,"href":"https:\/\/oko.pres-24.pl\/index.php?rest_route=\/wp\/v2\/users\/1"}],"replies":[{"embeddable":true,"href":"https:\/\/oko.pres-24.pl\/index.php?rest_route=%2Fwp%2Fv2%2Fcomments&post=156"}],"version-history":[{"count":3,"href":"https:\/\/oko.pres-24.pl\/index.php?rest_route=\/wp\/v2\/posts\/156\/revisions"}],"predecessor-version":[{"id":160,"href":"https:\/\/oko.pres-24.pl\/index.php?rest_route=\/wp\/v2\/posts\/156\/revisions\/160"}],"wp:attachment":[{"href":"https:\/\/oko.pres-24.pl\/index.php?rest_route=%2Fwp%2Fv2%2Fmedia&parent=156"}],"wp:term":[{"taxonomy":"category","embeddable":true,"href":"https:\/\/oko.pres-24.pl\/index.php?rest_route=%2Fwp%2Fv2%2Fcategories&post=156"},{"taxonomy":"post_tag","embeddable":true,"href":"https:\/\/oko.pres-24.pl\/index.php?rest_route=%2Fwp%2Fv2%2Ftags&post=156"}],"curies":[{"name":"wp","href":"https:\/\/api.w.org\/{rel}","templated":true}]}}