{"id":142,"date":"2017-01-30T19:37:35","date_gmt":"2017-01-30T19:37:35","guid":{"rendered":"http:\/\/oko.pres-24.pl\/?p=142"},"modified":"2017-05-13T07:27:46","modified_gmt":"2017-05-13T07:27:46","slug":"list-otwarty-do-pani-posel-izabeli-leszczyny-oraz-pana-posla-adama-szlapki","status":"publish","type":"post","link":"https:\/\/oko.pres-24.pl\/?p=142","title":{"rendered":"List otwarty do Pani Pos\u0142anki Izabeli Leszczyny oraz Pana Pos\u0142a Adama Sz\u0142apki."},"content":{"rendered":"<p>Idea powstania poni\u017cszego listu narodzi\u0142a si\u0119 po wys\u0142uchaniu wypowiedzi Pani Pose\u0142 Izabeli Leszczyny z Platformy Obywatelskiej w porannym programie radia TOK FM w dn. 24 stycznia 2017 r.<\/p>\n<p>Po niedzielnym programie Kawa na \u0141aw\u0119 i s\u0142owach Pana Pos\u0142a Adama Sz\u0142apki, zdecydowali\u015bmy si\u0119 nada\u0107 mu form\u0119 otwart\u0105 i zwracaj\u0105c si\u0119 bezpo\u015brednio do wymienionych os\u00f3b, zaapelowa\u0107 do wszystkich parlamentarzyst\u00f3w opozycji , jako przedstawicieli antypisowskiej cz\u0119\u015bci spo\u0142ecze\u0144stwa, o wi\u0119ksz\u0105 rzetelno\u015b\u0107.<\/p>\n<p>&nbsp;<\/p>\n<p>Pani Izabela Leszczyna,<\/p>\n<p>Pos\u0142anka na Sejm RP.<\/p>\n<p>Pan Adam Sz\u0142apka,<\/p>\n<p>Pose\u0142 na Sejm RP.<\/p>\n<p>&nbsp;<\/p>\n<p>Szanowna Pani Pose\u0142,<\/p>\n<p>Szanowny Panie Po\u015ble,<\/p>\n<p>w trosce o nasz wsp\u00f3lny cel, jakim jest odsuni\u0119cie PiS od w\u0142adzy, zdecydowali\u015bmy si\u0119 napisa\u0107 list otwarty, gdy\u017c wypowiedzi kt\u00f3re Pa\u0144stwo sformu\u0142owali, Pani Pose\u0142 w porannym programie TOK FM, Pan Pose\u0142 w audycji &#8222;Kawa na \u0141aw\u0119&#8221; w TVN24, \u00a0kompromituj\u0105 szeroko rozumiane \u015brodowiska opozycyjne.<\/p>\n<p>W komentarzu do wypowiedzi premiera Morawieckiego dotycz\u0105cej fikcyjnego obrotu telefonami kom\u00f3rkowymi w Polsce, kt\u00f3ry to proceder s\u0142u\u017cy wy\u0142udzaniu vat, stwierdzili Pa\u0144stwo, i\u017c historyk (o premierze Morawieckim) mo\u017ce nie rozumie\u0107 o czym m\u00f3wi. W jaki bowiem spos\u00f3b z terenu Polski m\u00f3g\u0142 odbywa\u0107 si\u0119 eksport telefon\u00f3w kom\u00f3rkowych, skoro w naszym kraju takowe telefony nie s\u0105 produkowane.<\/p>\n<p>Nie chcemy si\u0119 tu zajmowa\u0107 uderzaj\u0105cym podobie\u0144stwem nie tylko argument\u00f3w ale i konkretnych zwrot\u00f3w\u00a0 u\u017cytych przez obojga Pa\u0144stwo, co nie stanowi\u0142oby \u017cadnego problemu gdyby odpowiada\u0142y one rzeczywisto\u015bci.<\/p>\n<p>Nie b\u0119dziemy tak\u017ce analizowa\u0107 wp\u0142ywu wy\u0142udzania podatku vat na PKB,\u00a0 gdy\u017c zdania ekonomist\u00f3w odno\u015bnie skali tego wp\u0142ywu s\u0105 podzielone.<\/p>\n<p>Intencj\u0105 tego listu jest apel o rzetelno\u015b\u0107, merytoryczn\u0105 jako\u015b\u0107 wyst\u0105pie\u0144 przedstawicieli opozycji, gdy\u017c zaprezentowana przez Pa\u0144stwo postawa wzmacnia w swej istocie w\u0142adz\u0119 PiS.<\/p>\n<p>Szanowna \u00a0Pani Pose\u0142. Wypomnia\u0142a Pani premierowi historyczne wykszta\u0142cenie. Rozumiemy, i\u017c podczas studi\u00f3w na filologii, filozofii i etyce, ekonomia nie by\u0142a wiod\u0105cym przedmiotem, jednak jak wynika z Pani biogramu, studiowa\u0142a Pani r\u00f3wnie\u017c zarz\u0105dzanie jako\u015bci\u0105 w organizacjach, a to ju\u017c zobowi\u0105zuje.<\/p>\n<p>Panie Po\u015ble. Rozumiemy, i\u017c jako absolwent politologii m\u00f3g\u0142 Pan nie posiada\u0107 odpowiedniej wiedzy. Prosz\u0119 jednak zrozumie\u0107, i\u017c obowi\u0105zkiem polityka z ambicjami do kszta\u0142towania naszej rzeczywisto\u015bci, posiadaj\u0105cego fantastyczn\u0105 zdolno\u015b\u0107 formu\u0142owania zdecydowanych, rzeczowych wypowiedzi jest, by zawarte w nich s\u0142owa poparte by\u0142y merytoryczn\u0105 wiedz\u0105.<\/p>\n<p>Dlatego nie ma usprawiedliwienia dla Pa\u0144stwa fatalnych wyst\u0105pie\u0144 w og\u00f3lnopolskich mediach. Po\u015brednio uderzaj\u0105 one w nas wszystkich.<\/p>\n<p>Pani Pose\u0142, jako by\u0142a wiceminister finans\u00f3w, po prostu nie mo\u017ce Pani nie orientowa\u0107 si\u0119 o czym m\u00f3wi\u0142 premier Morawiecki.<\/p>\n<p>Panie Po\u015ble, przedstawiciel partii uznawanej za \u015bwietnie zorientowan\u0105 w sprawach gospodarczych, z liderem b\u0119d\u0105cym niekwestionowanym autorytetem w sprawach mechanizm\u00f3w rynkowych, nie mo\u017cna sobie pozwala\u0107 na podobny blama\u017c.<\/p>\n<p>Nie wierzymy, \u017ce nie rozumiej\u0105 Pa\u0144stwo mechanizmu &#8222;karuzeli vatowskiej&#8221; i jak\u0105 rol\u0119 odgrywaj\u0105 w niej np. telefony kom\u00f3rkowe.<\/p>\n<p>Od wielu ju\u017c lat temat ten regularnie pojawia si\u0119 w prasie, pocz\u0105tkowo w kontek\u015bcie obrotu metalami (media koncentrowa\u0142y si\u0119 g\u0142ownie na obrocie stal\u0105).\u00a0 Po wprowadzeniu (przez rz\u0105d PO-PSL!) mechanizm\u00f3w utrudniaj\u0105cych wy\u0142udzanie vat-u na dominuj\u0105ce w tym procederze produkty, jednym z ulubionych towar\u00f3w s\u0142u\u017c\u0105cych kontynuowaniu tego przest\u0119pczego procederu sta\u0142y si\u0119 telefony kom\u00f3rkowe.<\/p>\n<p>Pani rz\u0105d dostrzeg\u0142 to i rozszerzy\u0142 &#8222;odwr\u00f3cony vat&#8221; na telefony. Czy naprawd\u0119 nie zdaje Pani sobie z tego sprawy?<\/p>\n<p><strong>Powinni si\u0119 Pa\u0144stwo orientowa\u0107, i\u017c w celu wy\u0142udzenia zwrotu podatku od np. 100 000 sztuk telefon\u00f3w, w rzeczywisto\u015bci nie trzeba wyprodukowa\u0107, a nawet posiada\u0107 ani jednej fizycznej ich sztuki.<\/strong><\/p>\n<p>Redaktor Wr\u00f3bel usi\u0142owa\u0142 Pani\u0105 naprowadzi\u0107 na w\u0142a\u015bciwe tory, czego jedynym efektem by\u0142a wykonywana przez Pani\u0105 ekwilibrystyka s\u0142owna.<\/p>\n<p>Wnioski s\u0105 pora\u017caj\u0105ce. Nie ma Pani o wspomnianym mechanizmie poj\u0119cia, b\u0105d\u017a te\u017c uwa\u017ca Pani s\u0142uchaczy TOK FM za wyj\u0105tkowo nierozgarni\u0119tych. Prosz\u0119 nam wierzy\u0107, \u017ce wolimy drugi przypadek. W przeciwnym razie stanowi\u0142aby Pani potwierdzenie zarzut\u00f3w o niekompetencji poprzedniej ekipy rz\u0105dz\u0105cej.<\/p>\n<p>Je\u015bli by\u0142y to pr\u00f3by manipulacji z Pa\u0144stwa strony, prosimy Pa\u0144stwo o umiar. Jest tyle rzeczy o kt\u00f3re faktycznie mo\u017cna si\u0119 czepia\u0107 obecnej w\u0142adzy. \u00a0Ograniczmy wi\u0119c nasz\u0105 aktywno\u015b\u0107 w kreowaniu rzeczywisto\u015bci\u00a0 bo nie s\u0142u\u017cy to naszej sprawie.<\/p>\n<p>\u0141\u0105czymy wyrazy szacunku.<\/p>\n<p>Redakcja.<\/p>\n<p class=\"bawpvc-ajax-counter\" data-id=\"142\">\n","protected":false},"excerpt":{"rendered":"<p>Idea powstania poni\u017cszego listu narodzi\u0142a si\u0119 po wys\u0142uchaniu wypowiedzi Pani <a class=\"more-link\" href=\"https:\/\/oko.pres-24.pl\/?p=142\">Czytaj dalej \u2192<\/a><\/p>\n","protected":false},"author":1,"featured_media":0,"comment_status":"open","ping_status":"open","sticky":false,"template":"","format":"standard","meta":{"footnotes":""},"categories":[1],"tags":[],"class_list":["post-142","post","type-post","status-publish","format-standard","hentry","category-uncategorized"],"aioseo_notices":[],"_links":{"self":[{"href":"https:\/\/oko.pres-24.pl\/index.php?rest_route=\/wp\/v2\/posts\/142","targetHints":{"allow":["GET"]}}],"collection":[{"href":"https:\/\/oko.pres-24.pl\/index.php?rest_route=\/wp\/v2\/posts"}],"about":[{"href":"https:\/\/oko.pres-24.pl\/index.php?rest_route=\/wp\/v2\/types\/post"}],"author":[{"embeddable":true,"href":"https:\/\/oko.pres-24.pl\/index.php?rest_route=\/wp\/v2\/users\/1"}],"replies":[{"embeddable":true,"href":"https:\/\/oko.pres-24.pl\/index.php?rest_route=%2Fwp%2Fv2%2Fcomments&post=142"}],"version-history":[{"count":6,"href":"https:\/\/oko.pres-24.pl\/index.php?rest_route=\/wp\/v2\/posts\/142\/revisions"}],"predecessor-version":[{"id":219,"href":"https:\/\/oko.pres-24.pl\/index.php?rest_route=\/wp\/v2\/posts\/142\/revisions\/219"}],"wp:attachment":[{"href":"https:\/\/oko.pres-24.pl\/index.php?rest_route=%2Fwp%2Fv2%2Fmedia&parent=142"}],"wp:term":[{"taxonomy":"category","embeddable":true,"href":"https:\/\/oko.pres-24.pl\/index.php?rest_route=%2Fwp%2Fv2%2Fcategories&post=142"},{"taxonomy":"post_tag","embeddable":true,"href":"https:\/\/oko.pres-24.pl\/index.php?rest_route=%2Fwp%2Fv2%2Ftags&post=142"}],"curies":[{"name":"wp","href":"https:\/\/api.w.org\/{rel}","templated":true}]}}