{"id":1388,"date":"2019-10-11T21:20:28","date_gmt":"2019-10-11T21:20:28","guid":{"rendered":"http:\/\/oko.pres-24.pl\/?p=1388"},"modified":"2019-12-14T10:38:14","modified_gmt":"2019-12-14T10:38:14","slug":"hymn-pochwalny-dla-jaroslawa-kaczynskiego","status":"publish","type":"post","link":"https:\/\/oko.pres-24.pl\/?p=1388","title":{"rendered":"Hymn pochwalny dla Jaros\u0142awa Kaczy\u0144skiego."},"content":{"rendered":"<p>Tytu\u0142 czysta wazelina&#8230;&#8230;&#8230;&#8230;&#8230;&#8230;&#8230;&#8230;&#8230;&#8230;&#8230;., a mo\u017ce jednak nie.<\/p>\n<p>Wszystko zale\u017cy od tego, co jest tre\u015bci\u0105 owego hymnu, a w tym przypadku jest ni\u0105 robienie przez Jaros\u0142awa Kaczy\u0144skiego p\u00f3\u0142g\u0142\u00f3wk\u00f3w z dziennikarzy i opozycyjnych polityk\u00f3w.<\/p>\n<p>Kilka dni czepia\u0142a si\u0119 szeroko poj\u0119ta opozycja (dla uproszczenia: dziennikarze + politycy) wypowiedzi szefa PiS, w kt\u00f3rej stwierdzi\u0142, i\u017c nie wiedzia\u0142, \u017ce s\u0105 urz\u0105dzenia pokazuj\u0105ce jak cz\u0142owiek wygl\u0105da w \u015brodku.<\/p>\n<p>Po kilku dniach opozycja zorientowa\u0142a si\u0119, i\u017c znowu sama si\u0119 pogr\u0105\u017ca. To w ko\u0144cu kto stoi na czele tej strasznej i destrukcyjnej si\u0142y chc\u0105cej zniszczy\u0107 Polsk\u0119? Zagubiony staruszek, bez konta i nie potrafi\u0105cy obs\u0142ugiwa\u0107 komputera, czy rekin biznesu, twardo negocjuj\u0105cy budow\u0119 wie\u017cowc\u00f3w w centrum Warszawy?<\/p>\n<p>Czasem my\u015blimy, \u017ce wieczorami, gdy Jaros\u0142aw Kaczy\u0144ski przegl\u0105da Internet rzucaj\u0105c od czasu do czasu swojemu psu zabawk\u0119, ociera jedn\u0105 czy dwie \u0142ezki kt\u00f3re ulecia\u0142y z powodu zdrowego u\u015bmiania si\u0119 z po\u015bwi\u0119conych mu analiz. Kto wie, \u00a0mo\u017ce czasem ryknie \u015bmiechem uderzaj\u0105c otwart\u0105 d\u0142oni\u0105 w kolano, gdy szczeg\u00f3lnie zaanga\u017cowane teksty\/wypowiedzi najwi\u0119kszych dziennikarskich autorytet\u00f3w dowodz\u0105, jak on ma\u0142o wie o wsp\u00f3\u0142czesnym \u015bwiecie, a tak w og\u00f3le to nic nie wie.<\/p>\n<p>Z tym psem to przesadzili\u015bmy, cho\u0107 z drugiej strony kot wydaje si\u0119 podejrzanie idealnym narz\u0119dziem umacniania image Prezesa, kt\u00f3ry mo\u017ce wcale kot\u00f3w nie lubi.<\/p>\n<p>Kot &#8211; to leniwe przeci\u0105ganie si\u0119 na piecu, drapanie za uszkiem i generalnie ruch tylko w\u00f3wczas, gdy staje si\u0119 niezb\u0119dny.<\/p>\n<p>Mo\u017ce wi\u0119c ten kot to tylko element kreacji? Nie, jednak tak nie s\u0105dzimy, cho\u0107 pasuje on do Prezesa spiskowo wr\u0119cz idealnie.<\/p>\n<p>Zwierz\u0119 ociepla wizerunek polityka, to nawet pr-owcy PO powinni wiedzie\u0107. \u00a0Wszak cz\u0142owiek, kt\u00f3ry kocha zwierz\u0119ta nie mo\u017ce by\u0107 do ko\u0144ca z\u0142y (\u017cartujemy, \u017ceby nie by\u0142o).<\/p>\n<p>Naj\u015bwie\u017csz\u0105 rzecz\u0105, kt\u00f3r\u0105 upokorzy\u0142 tak pewnych swojej wiedzy dziennikarzy, by\u0142a kwestia p\u0142ci.<\/p>\n<p>Chodzi o zwrot: &#8222;W mia\u017cd\u017c\u0105cej wi\u0119kszo\u015bci przypadk\u00f3w ludzie rodz\u0105 si\u0119 kobietami lub m\u0119\u017cczyznami i niech tak zostanie&#8221;.<\/p>\n<p>Pani Ma\u0142gorzata \u0141aszcz wraz z zaproszonymi go\u015b\u0107mi totalnie si\u0119 pogubi\u0142a w TVN24 w programie &#8222;Lo\u017ca Prasowa&#8221; przy pr\u00f3bie analizy powy\u017cszego zwrotu. Z u\u015bmieszkiem zwyczajowym w przypadkach, gdy jeste\u015bmy przekonani o w\u0142asnej intelektualnej\u00a0 wy\u017cszo\u015bci, zapyta\u0142a Pani Redaktor, co te\u017c Prezes m\u00f3g\u0142 mie\u0107 na my\u015bli.<\/p>\n<p>Gdy jeden z zaproszonych dziennikarzy zwr\u00f3ci\u0142 uwag\u0119, nawiasem m\u00f3wi\u0105c do\u015b\u0107 chaotycznie, na fakt wyst\u0119powania obojnactwa, co precyzyjniej nale\u017ca\u0142oby okre\u015bli\u0107 jako narodziny dzieci z nierozpoznanymi cechami p\u0142ciowymi, Pani \u0141aszcz stwierdzi\u0142a co\u015b w stylu: &#8222;Przecie\u017c nie o to mu chodzi\u0142o&#8221;.<\/p>\n<p>W ko\u0144cu sk\u0105d Prezes PiS mia\u0142by wiedzie\u0107 o takich rzeczach?<\/p>\n<p>Tymczasem J.Kaczy\u0144ski rozegra\u0142 spraw\u0119 ca\u0142kowicie po swojej my\u015bli. Wskaza\u0142, i\u017c norm\u0105 (norma rozumiana jako wi\u0119kszo\u015b\u0107) jest m\u0119\u017cczyzna i kobieta, kt\u00f3rzy tworz\u0105 rodzin\u0119 z dzie\u0107mi. Model taki jest naturalny i jest wspierany przez jego parti\u0119.<\/p>\n<p>Niedom\u00f3wienie na temat istnienia jakiej\u015b alternatywy pozwoli\u0142o mu utr\u0105ci\u0107 ewentualny zarzut ze strony opozycji, \u017ce nie wie o czym m\u00f3wi, gdy\u017c zdarzaj\u0105 si\u0119 narodziny dzieci \u00a0z nierozpoznawalnymi cechami p\u0142ciowymi.<\/p>\n<p>Jednoznacznie pokaza\u0142, \u017ce wie.<\/p>\n<p>W odr\u00f3\u017cnieniu od Pani \u0141aszcz.<\/p>\n<p>W czym nie po\u0142apa\u0142a si\u0119 Pani Redaktor z TVN 24, po\u0142apa\u0142a si\u0119 z lekkim po\u015blizgiem &#8222;Polityka&#8221;. W numerze 39 (3229), 25.09\u20131.10.2019 dostajemy trzystronicowy artyku\u0142 o interp\u0142ciowo\u015bci. C\u00f3\u017c za zbieg okoliczno\u015bci.<\/p>\n<p>Zawsze nas dziwi\u0142o, i\u017c \u015brodowiska LGBT+ nie wykorzystywa\u0142y przypadk\u00f3w nieokre\u015blonych cech p\u0142ciowych w walce o prawa dla swojego \u015brodowiska. Jest to wszak jedyny niepodwa\u017calny argument uzasadniaj\u0105cy np. operacj\u0119 zmiany p\u0142ci i to w ka\u017cdym przypadku.<\/p>\n<p>Skoro bowiem natura mo\u017ce sprawi\u0107, i\u017c rodzi si\u0119 dziecko z organami dw\u00f3ch p\u0142ci (upraszczamy ca\u0142e zagadnienie), mo\u017ce si\u0119 zdarzy\u0107, \u017ce odmienn\u0105 p\u0142e\u0107 b\u0119dzie mia\u0142 jedynie m\u00f3zg.<\/p>\n<p>Tymczasem \u015brodowiska LGBT+ powo\u0142uj\u0105 si\u0119 na abstrakcyjne warto\u015bci i chc\u0105 zmienia\u0107 spo\u0142ecze\u0144stwo poprzez wprowadzanie do niego sztucznych form.<\/p>\n<p>Na konwencji w \u0141odzi, J.Kaczy\u0144ski zradykalizowa\u0142 swoj\u0105 postaw\u0119 wzgl\u0119dem p\u0142ciowo\u015bci sprowadzaj\u0105c zagadnienie na grunt r\u00f3\u017cnic genetycznych. Opozycja nie podj\u0119\u0142a r\u0119kawicy, co by\u0142o z ich strony zadziwiaj\u0105co rozs\u0105dne. Woleli, ca\u0142kiem roztropnie, powiela\u0107 fragment z innej wypowiedzi J.Kaczy\u0144skiego o 86 p\u0142ciach.<\/p>\n<p>Kolejn\u0105 kwesti\u0105, kt\u00f3ra przeros\u0142a intelektualnie opozycj\u0119, by\u0142 s\u0142awetny nihilizm.<\/p>\n<p>Oczywi\u015bcie przeci\u0119tnego Kowalskiego nic ta wypowied\u017a nie obesz\u0142a, m.in. z powodu nieobecno\u015bci w jego s\u0142owniku s\u0142owa &#8222;nihilizm&#8221;.<\/p>\n<p>O tym co Prezes mia\u0142 na my\u015bli pisali\u015bmy niedawno, tu podamy tylko dwa oczywiste i konkretne przyk\u0142ady, niewygodne dla naszych &#8222;o\u015bwieconych&#8221; autorytet\u00f3w.<\/p>\n<p>Pytanie:<\/p>\n<p>Kiedy, w naszym kr\u0119gu kulturowym, mieli\u015bmy do czynienia z ca\u0142kowitym odrzuceniem religii chrze\u015bcija\u0144skiej, gdy nowa w\u0142adza za jeden z naczelnych swoich cel\u00f3w postawi\u0142a sobie walk\u0119 nie tylko z instytucj\u0105 Ko\u015bcio\u0142a, ale i z duchowo\u015bci\u0105 cz\u0142owieka?<\/p>\n<p>Odpowied\u017a:<\/p>\n<p>Podczas Rewolucji Francuskiej i Bolszewickiej.<\/p>\n<p>Ho\u0142ubione wyst\u0105pienie stanu trzeciego ku czci o\u015bwieceniowych idea\u0142\u00f3w wolno\u015bci s\u0142owa, pluralizmu itp. przeobrazi\u0142o si\u0119 w rze\u017a tych wszystkich, kt\u00f3rzy odwa\u017cyli si\u0119 mie\u0107 zdanie odmienne od aktualnie g\u0142oszonego (wystarczy\u0142 zreszt\u0105 zwi\u0105zek ze &#8222;starym&#8221;). A \u017ce si\u0119 to aktualne zdanie zmienia\u0142o, to i g\u0142owy przyw\u00f3dc\u00f3w Rewolucji spada\u0142y.<\/p>\n<p>Zabawne, \u017ce jako jedni z nielicznych spo\u015br\u00f3d tych, kt\u00f3rzy przyczynili si\u0119 do wybuchu Rewolucji, przetrwali j\u0105 w niez\u0142ej formie duchowni, Sieyes i Talleryand.<\/p>\n<p>Do\u015b\u0107 szybko si\u0119 okaza\u0142o, \u017ce bez religii nie da rady i wodzowie Rewolucji wymy\u015blili kult najwy\u017cszej istoty, ale wszystko to zako\u0144czy\u0142o si\u0119 i tak zamordyzmem Bonapartego, kt\u00f3ry przywr\u00f3ci\u0142 chrze\u015bcija\u0144stwo z ca\u0142\u0105 pomp\u0105.<\/p>\n<p>Rewolucja Bolszewicka i jej konsekwencje wznios\u0142y okrucie\u0144stwo na jeszcze wy\u017cszy poziom ni\u017c jej francuska poprzedniczka. Ca\u0142kowita anomia pozwala\u0142a dowolnie kreowa\u0107 rzeczywisto\u015b\u0107, a towarzysz\u0105ce jej szczytne has\u0142a usprawiedliwia\u0107 mia\u0142y miliony ofiar.<\/p>\n<p>I tutaj musia\u0142 si\u0119 znale\u017a\u0107 substytut religii. Sta\u0142 si\u0119 ni\u0105 kult wodza.<\/p>\n<p>Kolejn\u0105 rzecz\u0105, kt\u00f3r\u0105 J.Kaczy\u0144ski &#8222;zagi\u0105\u0142&#8221; swoich oponent\u00f3w, by\u0142a kwestia wolno\u015bci.<\/p>\n<p>Podczas gdy oni, &#8222;broni\u0105c&#8221; wolno\u015bci krzycz\u0105 o Konstytucji, s\u0105dach, aborcji itp. J.Kaczy\u0144ski stwierdzi\u0142, i\u017c cz\u0142owiek jest wolny w\u00f3wczas, gdy nie musi si\u0119 godzi\u0107 by nim pomiatano. Jaki bowiem kontakt z s\u0105dami, Konstytucj\u0105 i aborcj\u0105 maj\u0105 przeci\u0119tni Polacy?<\/p>\n<p>Ilu, pragn\u0105c utrzyma\u0107 swoj\u0105 rodzin\u0119, a czasem kupi\u0107 dzieciom co\u015b fajnego, godzi si\u0119, by szef nimi w pracy pomiata\u0142 wiedz\u0105c, i\u017c w razie buntu pracownika znajdzie na jego miejsce dziesi\u0119ciu innych.<\/p>\n<p>To jest prawdziwa wolno\u015b\u0107 na masow\u0105 skal\u0119.<\/p>\n<p>Mo\u017cemy m\u00f3wi\u0107 o szacunku dla drugiego cz\u0142owieka i o tym, \u017ce spo\u0142ecze\u0144stwo jako ca\u0142o\u015b\u0107 musi si\u0119 pochyla\u0107 nad s\u0142absz\u0105 jego cz\u0119\u015bci\u0105. W rzeczywisto\u015bci &#8222;lepsza&#8221; warstwa korzysta, pnie si\u0119 w g\u00f3r\u0119, wykorzystuje system, podczas gdy &#8222;gorsza&#8221; warstwa wegetuje.<\/p>\n<p>Z abstrakcyjnych warto\u015bci zupy si\u0119 nie ugotuje. Z 500+ i owszem.<\/p>\n<p>Za chwil\u0119 cisza wyborcza i wypada ko\u0144czy\u0107, a pozosta\u0142o jeszcze sporo w\u0105tk\u00f3w pokazuj\u0105cych, \u017ce Prezes Kaczy\u0144ski chyba jednak &#8222;czyta&#8221; nie tylko ksi\u0105\u017cki ale i Internet i rozumie wsp\u00f3\u0142czesny \u015bwiat znacznie lepiej, ni\u017c ho\u0142ubieni w ostatnich dziesi\u0119cioleciach dziennikarze-celebryci z &#8222;Polityki&#8221;, &#8222;Newsweeka&#8221;, TVN24 i oczywi\u015bcie &#8222;Gazety Wyborczej&#8221;.<\/p>\n<p>Wr\u00f3cimy do tych kwestii, cho\u0107 po wyborach b\u0119d\u0105 one mia\u0142y ju\u017c gorszy smaczek.<\/p>\n<p>&nbsp;<\/p>\n<p>&nbsp;<\/p>\n<p class=\"bawpvc-ajax-counter\" data-id=\"1388\">\n","protected":false},"excerpt":{"rendered":"<p>Tytu\u0142 czysta wazelina&#8230;&#8230;&#8230;&#8230;&#8230;&#8230;&#8230;&#8230;&#8230;&#8230;&#8230;., a mo\u017ce jednak nie. Wszystko zale\u017cy od <a class=\"more-link\" href=\"https:\/\/oko.pres-24.pl\/?p=1388\">Czytaj dalej \u2192<\/a><\/p>\n","protected":false},"author":1,"featured_media":0,"comment_status":"open","ping_status":"closed","sticky":false,"template":"","format":"standard","meta":{"footnotes":""},"categories":[1],"tags":[],"class_list":["post-1388","post","type-post","status-publish","format-standard","hentry","category-uncategorized"],"aioseo_notices":[],"_links":{"self":[{"href":"https:\/\/oko.pres-24.pl\/index.php?rest_route=\/wp\/v2\/posts\/1388","targetHints":{"allow":["GET"]}}],"collection":[{"href":"https:\/\/oko.pres-24.pl\/index.php?rest_route=\/wp\/v2\/posts"}],"about":[{"href":"https:\/\/oko.pres-24.pl\/index.php?rest_route=\/wp\/v2\/types\/post"}],"author":[{"embeddable":true,"href":"https:\/\/oko.pres-24.pl\/index.php?rest_route=\/wp\/v2\/users\/1"}],"replies":[{"embeddable":true,"href":"https:\/\/oko.pres-24.pl\/index.php?rest_route=%2Fwp%2Fv2%2Fcomments&post=1388"}],"version-history":[{"count":19,"href":"https:\/\/oko.pres-24.pl\/index.php?rest_route=\/wp\/v2\/posts\/1388\/revisions"}],"predecessor-version":[{"id":1413,"href":"https:\/\/oko.pres-24.pl\/index.php?rest_route=\/wp\/v2\/posts\/1388\/revisions\/1413"}],"wp:attachment":[{"href":"https:\/\/oko.pres-24.pl\/index.php?rest_route=%2Fwp%2Fv2%2Fmedia&parent=1388"}],"wp:term":[{"taxonomy":"category","embeddable":true,"href":"https:\/\/oko.pres-24.pl\/index.php?rest_route=%2Fwp%2Fv2%2Fcategories&post=1388"},{"taxonomy":"post_tag","embeddable":true,"href":"https:\/\/oko.pres-24.pl\/index.php?rest_route=%2Fwp%2Fv2%2Ftags&post=1388"}],"curies":[{"name":"wp","href":"https:\/\/api.w.org\/{rel}","templated":true}]}}