{"id":137,"date":"2016-08-29T12:20:10","date_gmt":"2016-08-29T12:20:10","guid":{"rendered":"http:\/\/oko.pres-24.pl\/?p=137"},"modified":"2017-02-20T08:25:51","modified_gmt":"2017-02-20T08:25:51","slug":"cieniasy-z-onr","status":"publish","type":"post","link":"https:\/\/oko.pres-24.pl\/?p=137","title":{"rendered":"Cieniasy z ONR."},"content":{"rendered":"<p>Nie nale\u017cy si\u0119 ba\u0107 ONR-u czy M\u0142odzie\u017cy Wszechpolskiej (relacjonuj\u0105cy nie s\u0105 pewni kogo).<\/p>\n<p>Jak donosi Newsweek pi\u00f3rem <a href=\"http:\/\/www.newsweek.pl\/polska\/liderzy-kod-u-pobici-przez-onr-na-pogrzebie-inki,artykuly,396177,1.html\">Renaty Kim<\/a> ok. 30 \u201ebandyt\u00f3w z ONR-u albo M\u0142odzie\u017cy Wszechpolskiej\u201d nie da\u0142o rady Radomirowi Szume\u0142dzie, przewodnicz\u0105cemu pomorskiego regionu KOD-u.<\/p>\n<p>Nie ukrywamy swojego podziwu. Skoro grupa agresywnych \u201eosi\u0142k\u00f3w\u201d pomimo pr\u00f3b \u201eszarpali mnie, popychali, pr\u00f3bowali bi\u0107\u201d nie pobi\u0142a Pana Radomira to okoliczno\u015b\u0107 ta wymaga g\u0142\u0119bszej refleksji.<\/p>\n<p>Mo\u017cliwo\u015bci s\u0105 trzy:<\/p>\n<ol>\n<li>Pan Szume\u0142da jest mistrzem sztuk walki. Zapewne aikido, poniewa\u017c nie mamy doniesie\u0144 o uszkodzeniach po stronie atakuj\u0105cych, a znajomo\u015b\u0107 aikido umo\u017cliwia skuteczne unikanie atak\u00f3w bez zadawania powa\u017cnych obra\u017ce\u0144,<\/li>\n<li>Atakuj\u0105cy ONR-owcy to jakie\u015b lebiegi.<\/li>\n<li>Pan Szume\u0142da wtopi\u0142 si\u0119 w t\u0142um atakuj\u0105cych, kt\u00f3rzy s\u0105 opisywani cz\u0119sto jako \u201e\u0142yse osi\u0142ki\u201d (patrz. zdj\u0119cie poni\u017cej.)<\/li>\n<\/ol>\n<p><img loading=\"lazy\" decoding=\"async\" class=\"wp-image-138 aligncenter\" src=\"http:\/\/oko.pres-24.pl\/wp-content\/uploads\/2016\/08\/S6DEGA78-300x300.jpg\" alt=\"S6DEGA78\" width=\"136\" height=\"136\" srcset=\"https:\/\/oko.pres-24.pl\/wp-content\/uploads\/2016\/08\/S6DEGA78-300x300.jpg 300w, https:\/\/oko.pres-24.pl\/wp-content\/uploads\/2016\/08\/S6DEGA78-150x150.jpg 150w, https:\/\/oko.pres-24.pl\/wp-content\/uploads\/2016\/08\/S6DEGA78.jpg 501w\" sizes=\"auto, (max-width: 136px) 100vw, 136px\" \/><\/p>\n<p>(Fotografia Pana Szume\u0142dy z jego konta twitterowego (https:\/\/twitter.com\/rszumelda?lang=pl).)<\/p>\n<p>Mo\u017cliwe s\u0105 wszystkie ewentualno\u015bci. Jak wynika z dalszej relacji Pana Radomira, Mateusz Kijowski \u201e&#8230;sta\u0142 tu\u017c przed bazylik\u0105 razem z grup\u0105 oko\u0142o 30 cz\u0142onk\u00f3w naszego ruchu\u201d. Zwracamy uwag\u0119, i\u017c tym samym liczebno\u015b\u0107 obydwu stron zr\u00f3wna\u0142aby si\u0119 w stosunku 1:1, a wi\u0119c gdyby Pan Szume\u0142da by\u0142 rzeczywi\u015bcie zagro\u017cony, jego koledzy bez trudu obroniliby go. Brak reakcji z ich strony \u015bwiadczy o tym, i\u017c zagro\u017cenia faktycznie nie by\u0142o.<\/p>\n<p>Raczej wykluczamy ewentualno\u015b\u0107 trzeci\u0105, gdy\u017c Pan Radomir odni\u00f3s\u0142 pewne obra\u017cenia. Relacjonuje \u201e&#8230;bili nas, szarpali i l\u017cyli&#8230;\u201d w rezultacie czego \u201ezosta\u0142 lekko ranny\u201d. \u201eMa zdarty nask\u00f3rek na d\u0142oni, do\u015b\u0107 obficie krwawi\u0142\u201d. Podkre\u015blmy. W rezultacie \u201epobicia\u201d przez TRZYDZIESTU \u201eosi\u0142k\u00f3w\u201d Pan Szume\u0142da \u201edo\u015b\u0107 obficie krwawi\u0142\u201d ze \u201ezdartego nask\u00f3rka\u201d (pomy\u015blmy jak bardzo musia\u0142 by\u0107 zdarty \u00f3w nask\u00f3rek skoro krwawi\u0142&#8230;. obficie ).<\/p>\n<p>Dzi\u0119kujemy Redaktorce Kim za rzetelny opis zaj\u015bcia. Wiemy i doceniamy jej nieustaj\u0105ce zaanga\u017cowanie w s\u0142uszne sprawy. Absolutnie si\u0119 przy tym nie zgadzamy z niesprawiedliw\u0105 opini\u0105, i\u017c najlepszym sposobem skompromitowania dziennikarzy Newsweeka jest umo\u017cliwienie swobodnej wypowiedzi Pani Kim, co podobno z\u0142o\u015bliwie robi, nieukrywaj\u0105cy swych prawicowych pogl\u0105d\u00f3w, Redaktor Jan Wr\u00f3bel.<\/p>\n<p>Redakcja.<\/p>\n<p class=\"bawpvc-ajax-counter\" data-id=\"137\">\n","protected":false},"excerpt":{"rendered":"<p>Nie nale\u017cy si\u0119 ba\u0107 ONR-u czy M\u0142odzie\u017cy Wszechpolskiej (relacjonuj\u0105cy nie <a class=\"more-link\" href=\"https:\/\/oko.pres-24.pl\/?p=137\">Czytaj dalej \u2192<\/a><\/p>\n","protected":false},"author":1,"featured_media":139,"comment_status":"open","ping_status":"open","sticky":false,"template":"","format":"standard","meta":{"footnotes":""},"categories":[1],"tags":[],"class_list":["post-137","post","type-post","status-publish","format-standard","has-post-thumbnail","hentry","category-uncategorized"],"aioseo_notices":[],"_links":{"self":[{"href":"https:\/\/oko.pres-24.pl\/index.php?rest_route=\/wp\/v2\/posts\/137","targetHints":{"allow":["GET"]}}],"collection":[{"href":"https:\/\/oko.pres-24.pl\/index.php?rest_route=\/wp\/v2\/posts"}],"about":[{"href":"https:\/\/oko.pres-24.pl\/index.php?rest_route=\/wp\/v2\/types\/post"}],"author":[{"embeddable":true,"href":"https:\/\/oko.pres-24.pl\/index.php?rest_route=\/wp\/v2\/users\/1"}],"replies":[{"embeddable":true,"href":"https:\/\/oko.pres-24.pl\/index.php?rest_route=%2Fwp%2Fv2%2Fcomments&post=137"}],"version-history":[{"count":3,"href":"https:\/\/oko.pres-24.pl\/index.php?rest_route=\/wp\/v2\/posts\/137\/revisions"}],"predecessor-version":[{"id":161,"href":"https:\/\/oko.pres-24.pl\/index.php?rest_route=\/wp\/v2\/posts\/137\/revisions\/161"}],"wp:featuredmedia":[{"embeddable":true,"href":"https:\/\/oko.pres-24.pl\/index.php?rest_route=\/wp\/v2\/media\/139"}],"wp:attachment":[{"href":"https:\/\/oko.pres-24.pl\/index.php?rest_route=%2Fwp%2Fv2%2Fmedia&parent=137"}],"wp:term":[{"taxonomy":"category","embeddable":true,"href":"https:\/\/oko.pres-24.pl\/index.php?rest_route=%2Fwp%2Fv2%2Fcategories&post=137"},{"taxonomy":"post_tag","embeddable":true,"href":"https:\/\/oko.pres-24.pl\/index.php?rest_route=%2Fwp%2Fv2%2Ftags&post=137"}],"curies":[{"name":"wp","href":"https:\/\/api.w.org\/{rel}","templated":true}]}}