{"id":1184,"date":"2019-08-31T09:14:59","date_gmt":"2019-08-31T09:14:59","guid":{"rendered":"http:\/\/oko.pres-24.pl\/?p=1184"},"modified":"2019-08-31T09:19:26","modified_gmt":"2019-08-31T09:19:26","slug":"co-john-f-kennedy-powiedzial-o-polakach-w-przededniu-ii-wojny-swiatowej","status":"publish","type":"post","link":"https:\/\/oko.pres-24.pl\/?p=1184","title":{"rendered":"Co John F.Kennedy powiedzia\u0142 o Polakach w przededniu II Wojny \u015awiatowej?"},"content":{"rendered":"<p>Tu\u017c przed 1 wrze\u015bnia warto przypomnie\u0107 s\u0142owa, kt\u00f3re przysz\u0142y prezydent USA napisa\u0142 o Polakach i Polsce, odbywaj\u0105c podr\u00f3\u017c po Europie w przeddzie\u0144 wybuchu II Wojny \u015awiatowej.<\/p>\n<p>Zaskakuje trafno\u015b\u0107 analizy sytuacji dokonanej przez 22-letniego JFK.<\/p>\n<p>Poni\u017cej zamieszczamy fragmenty listu opisuj\u0105cego wra\u017cenia ambasadorskiego syna (ojciec JFK by\u0142 ambasadorem USA w GB) pochodz\u0105ce z ksi\u0105\u017cki &#8222;The Kennedys at War: 1937-1945&#8221; (Renehan Jr., Edward J.).<\/p>\n<p>Pierwszy fragment to jedno, ko\u0144cowe zdanie polskiego w\u0105tku listu, wystawiaj\u0105ce nam jak najlepsze \u015bwiadectwo. Drugi, to analiza bie\u017c\u0105cej sytuacji i szans II RP w starciu z niemieckim agresorem.<\/p>\n<audio class=\"wp-audio-shortcode\" id=\"audio-1184-1\" preload=\"none\" style=\"width: 100%;\" controls=\"controls\"><source type=\"audio\/mpeg\" src=\"http:\/\/oko.pres-24.pl\/wp-content\/uploads\/2019\/08\/Gdansk_Kennedy_1.mp3?_=1\" \/><a href=\"http:\/\/oko.pres-24.pl\/wp-content\/uploads\/2019\/08\/Gdansk_Kennedy_1.mp3\">http:\/\/oko.pres-24.pl\/wp-content\/uploads\/2019\/08\/Gdansk_Kennedy_1.mp3<\/a><\/audio>\n<p>&#8222;&#8230;Polacy nie s\u0105 Czechami. Oni b\u0119d\u0105 walczy\u0107.&#8221;<\/p>\n<p>Powy\u017csz\u0105 konkluzj\u0119 poprzedza realna ocena szans tej walki i warto zna\u0107 relacj\u0119 naocznego \u015bwiadka tych czas\u00f3w, zw\u0142aszcza w obliczu tego, co wyczyniaj\u0105 r\u00f3\u017cni dzisiejsi publicy\u015bci i ideologiczni &#8222;historycy&#8221;.<\/p>\n<audio class=\"wp-audio-shortcode\" id=\"audio-1184-2\" preload=\"none\" style=\"width: 100%;\" controls=\"controls\"><source type=\"audio\/mpeg\" src=\"http:\/\/oko.pres-24.pl\/wp-content\/uploads\/2019\/08\/Gdansk_Kennedy_2.mp3?_=2\" \/><a href=\"http:\/\/oko.pres-24.pl\/wp-content\/uploads\/2019\/08\/Gdansk_Kennedy_2.mp3\">http:\/\/oko.pres-24.pl\/wp-content\/uploads\/2019\/08\/Gdansk_Kennedy_2.mp3<\/a><\/audio>\n<p>Mi\u0142o s\u0142ysze\u0107, \u017ce polska armia jest &#8222;damn good&#8221; cho\u0107 niestety &#8222;poorly equipped&#8221;, a Polacy &#8222;never give up&#8221;. JFK zdaje sobie r\u00f3wnie\u017c spraw\u0119, \u017ce Polska nie ma wyj\u015bcia i nie mo\u017ce zgodzi\u0107 si\u0119 na eksterytorialn\u0105 autostrad\u0119, co r\u00f3wna\u0142oby si\u0119 faktycznej zale\u017cno\u015bci od III Rzeszy.<\/p>\n<p>Trafnie zauwa\u017ca, \u017ce je\u015bli wybuchnie otwarty konflikt, to Niemcy b\u0119d\u0105 chcia\u0142y przedstawi\u0107 II RP jako agresora (prowokacja gliwicka), za\u015b refleksja &#8222;Polen will be alone&#8221; zaskakuje, w sytuacji gdy, jak wynika z \u00f3wczesnych relacji naszych rodak\u00f3w, w Polsce wszyscy byli pewni militarnego wsparcia Francji i Anglii.<\/p>\n<p class=\"bawpvc-ajax-counter\" data-id=\"1184\">\n","protected":false},"excerpt":{"rendered":"<p>Tu\u017c przed 1 wrze\u015bnia warto przypomnie\u0107 s\u0142owa, kt\u00f3re przysz\u0142y prezydent <a class=\"more-link\" href=\"https:\/\/oko.pres-24.pl\/?p=1184\">Czytaj dalej \u2192<\/a><\/p>\n","protected":false},"author":1,"featured_media":0,"comment_status":"open","ping_status":"closed","sticky":false,"template":"","format":"standard","meta":{"footnotes":""},"categories":[1],"tags":[],"class_list":["post-1184","post","type-post","status-publish","format-standard","hentry","category-uncategorized"],"aioseo_notices":[],"_links":{"self":[{"href":"https:\/\/oko.pres-24.pl\/index.php?rest_route=\/wp\/v2\/posts\/1184","targetHints":{"allow":["GET"]}}],"collection":[{"href":"https:\/\/oko.pres-24.pl\/index.php?rest_route=\/wp\/v2\/posts"}],"about":[{"href":"https:\/\/oko.pres-24.pl\/index.php?rest_route=\/wp\/v2\/types\/post"}],"author":[{"embeddable":true,"href":"https:\/\/oko.pres-24.pl\/index.php?rest_route=\/wp\/v2\/users\/1"}],"replies":[{"embeddable":true,"href":"https:\/\/oko.pres-24.pl\/index.php?rest_route=%2Fwp%2Fv2%2Fcomments&post=1184"}],"version-history":[{"count":6,"href":"https:\/\/oko.pres-24.pl\/index.php?rest_route=\/wp\/v2\/posts\/1184\/revisions"}],"predecessor-version":[{"id":1192,"href":"https:\/\/oko.pres-24.pl\/index.php?rest_route=\/wp\/v2\/posts\/1184\/revisions\/1192"}],"wp:attachment":[{"href":"https:\/\/oko.pres-24.pl\/index.php?rest_route=%2Fwp%2Fv2%2Fmedia&parent=1184"}],"wp:term":[{"taxonomy":"category","embeddable":true,"href":"https:\/\/oko.pres-24.pl\/index.php?rest_route=%2Fwp%2Fv2%2Fcategories&post=1184"},{"taxonomy":"post_tag","embeddable":true,"href":"https:\/\/oko.pres-24.pl\/index.php?rest_route=%2Fwp%2Fv2%2Ftags&post=1184"}],"curies":[{"name":"wp","href":"https:\/\/api.w.org\/{rel}","templated":true}]}}