{"id":1143,"date":"2019-05-20T10:38:38","date_gmt":"2019-05-20T10:38:38","guid":{"rendered":"http:\/\/oko.pres-24.pl\/?p=1143"},"modified":"2019-09-06T09:00:57","modified_gmt":"2019-09-06T09:00:57","slug":"jest-plakat-koalicji-europejskiej","status":"publish","type":"post","link":"https:\/\/oko.pres-24.pl\/?p=1143","title":{"rendered":"Jest plakat Koalicji Europejskiej."},"content":{"rendered":"<p>Wreszcie doczekali\u015bmy si\u0119 plakatu Koalicji Europejskiej. Jak wida\u0107, opozycja nadal ma problemy finansowe, st\u0105d ponownie ograniczono si\u0119 do przerobienia poprzednich plakat\u00f3w.<\/p>\n<p>Zapraszamy do zapoznania si\u0119 z wcze\u015bniejszymi wersjami plakat\u00f3w opozycji, pokazuj\u0105cymi, jak zmienia\u0142y si\u0119 sojusze i personalia po stronie przeciwnik\u00f3w obecnej w\u0142adzy.<\/p>\n<p><img loading=\"lazy\" decoding=\"async\" class=\"alignnone wp-image-1145\" src=\"http:\/\/oko.pres-24.pl\/wp-content\/uploads\/2019\/05\/Koalicja_ob-296x300.png\" alt=\"\" width=\"920\" height=\"932\" srcset=\"https:\/\/oko.pres-24.pl\/wp-content\/uploads\/2019\/05\/Koalicja_ob-296x300.png 296w, https:\/\/oko.pres-24.pl\/wp-content\/uploads\/2019\/05\/Koalicja_ob-768x778.png 768w, https:\/\/oko.pres-24.pl\/wp-content\/uploads\/2019\/05\/Koalicja_ob-1011x1024.png 1011w, https:\/\/oko.pres-24.pl\/wp-content\/uploads\/2019\/05\/Koalicja_ob.png 1252w\" sizes=\"auto, (max-width: 920px) 100vw, 920px\" \/><\/p>\n<p>Wcze\u015bniejsza wersja:<\/p>\n<blockquote class=\"wp-embedded-content\" data-secret=\"Jq2dROe4vL\"><p><a href=\"http:\/\/oko.pres-24.pl\/?p=376\">Nowy plakat zjednoczonej opozycji!<\/a><\/p><\/blockquote>\n<p><iframe loading=\"lazy\" class=\"wp-embedded-content\" sandbox=\"allow-scripts\" security=\"restricted\" style=\"position: absolute; clip: rect(1px, 1px, 1px, 1px);\" src=\"http:\/\/oko.pres-24.pl\/?p=376&#038;embed=true#?secret=Jq2dROe4vL\" data-secret=\"Jq2dROe4vL\" width=\"600\" height=\"338\" title=\"&#8222;Nowy plakat zjednoczonej opozycji!&#8221; &#8212; OKO.pres-24\" frameborder=\"0\" marginwidth=\"0\" marginheight=\"0\" scrolling=\"no\"><\/iframe><\/p>\n<p>I pierwsza:<\/p>\n<p>http:\/\/oko.pres-24.pl\/?p=322<\/p>\n<p class=\"bawpvc-ajax-counter\" data-id=\"1143\">\n","protected":false},"excerpt":{"rendered":"<p>Wreszcie doczekali\u015bmy si\u0119 plakatu Koalicji Europejskiej. Jak wida\u0107, opozycja nadal <a class=\"more-link\" href=\"https:\/\/oko.pres-24.pl\/?p=1143\">Czytaj dalej \u2192<\/a><\/p>\n","protected":false},"author":1,"featured_media":1145,"comment_status":"open","ping_status":"closed","sticky":false,"template":"","format":"standard","meta":{"footnotes":""},"categories":[1],"tags":[],"class_list":["post-1143","post","type-post","status-publish","format-standard","has-post-thumbnail","hentry","category-uncategorized"],"aioseo_notices":[],"_links":{"self":[{"href":"https:\/\/oko.pres-24.pl\/index.php?rest_route=\/wp\/v2\/posts\/1143","targetHints":{"allow":["GET"]}}],"collection":[{"href":"https:\/\/oko.pres-24.pl\/index.php?rest_route=\/wp\/v2\/posts"}],"about":[{"href":"https:\/\/oko.pres-24.pl\/index.php?rest_route=\/wp\/v2\/types\/post"}],"author":[{"embeddable":true,"href":"https:\/\/oko.pres-24.pl\/index.php?rest_route=\/wp\/v2\/users\/1"}],"replies":[{"embeddable":true,"href":"https:\/\/oko.pres-24.pl\/index.php?rest_route=%2Fwp%2Fv2%2Fcomments&post=1143"}],"version-history":[{"count":9,"href":"https:\/\/oko.pres-24.pl\/index.php?rest_route=\/wp\/v2\/posts\/1143\/revisions"}],"predecessor-version":[{"id":1211,"href":"https:\/\/oko.pres-24.pl\/index.php?rest_route=\/wp\/v2\/posts\/1143\/revisions\/1211"}],"wp:featuredmedia":[{"embeddable":true,"href":"https:\/\/oko.pres-24.pl\/index.php?rest_route=\/wp\/v2\/media\/1145"}],"wp:attachment":[{"href":"https:\/\/oko.pres-24.pl\/index.php?rest_route=%2Fwp%2Fv2%2Fmedia&parent=1143"}],"wp:term":[{"taxonomy":"category","embeddable":true,"href":"https:\/\/oko.pres-24.pl\/index.php?rest_route=%2Fwp%2Fv2%2Fcategories&post=1143"},{"taxonomy":"post_tag","embeddable":true,"href":"https:\/\/oko.pres-24.pl\/index.php?rest_route=%2Fwp%2Fv2%2Ftags&post=1143"}],"curies":[{"name":"wp","href":"https:\/\/api.w.org\/{rel}","templated":true}]}}