{"id":104,"date":"2016-08-02T12:57:49","date_gmt":"2016-08-02T12:57:49","guid":{"rendered":"http:\/\/oko.pres-24.pl\/?p=104"},"modified":"2016-08-02T14:24:28","modified_gmt":"2016-08-02T14:24:28","slug":"104","status":"publish","type":"post","link":"https:\/\/oko.pres-24.pl\/?p=104","title":{"rendered":"\u015aDM = Multi-Kulti?"},"content":{"rendered":"<p>Nie ukrywamy&#8230;&#8230;. jest nam g\u0142upio. Z za\u017cenowaniem s\u0142uchali\u015bmy porannej audycji w radiu TOK FM. Pierwszy go\u015b\u0107 Dominiki Wielowieyskiej, ksi\u0105dz Grzegorz Michalczyk, krajowy duszpasterz \u015brodowisk tw\u00f3rczych, jako przyk\u0142ad funkcjonowania multikulturowo\u015bci wskaza\u0142 na tysi\u0105ce ludzi zgromadzonych podczas \u015awiatowych Dni M\u0142odzie\u017cy w Krakowie.<\/p>\n<p><img loading=\"lazy\" decoding=\"async\" class=\"size-medium wp-image-105 aligncenter\" src=\"http:\/\/oko.pres-24.pl\/wp-content\/uploads\/2016\/08\/QQQ1-300x139.jpg\" alt=\"QQQ1\" width=\"300\" height=\"139\" srcset=\"https:\/\/oko.pres-24.pl\/wp-content\/uploads\/2016\/08\/QQQ1-300x139.jpg 300w, https:\/\/oko.pres-24.pl\/wp-content\/uploads\/2016\/08\/QQQ1-768x355.jpg 768w, https:\/\/oko.pres-24.pl\/wp-content\/uploads\/2016\/08\/QQQ1.jpg 1020w\" sizes=\"auto, (max-width: 300px) 100vw, 300px\" \/><\/p>\n<p>Z kolei w tzw. &#8222;godzinie komentator\u00f3w&#8221; Jaros\u0142aw Guga\u0142a jeszcze dobitniej wyrazi\u0142 tak\u0105 opini\u0119.<\/p>\n<hr \/>\n<p>MA\u0141A DYGRESJA.<\/p>\n<p>Dobry kwadrans po\u015bwi\u0119cili\u015bmy w Redakcji usi\u0142uj\u0105c sobie przypomnie\u0107 jak\u0105\u015b wypowied\u017a redaktora Guga\u0142y, kt\u00f3ra nosi\u0142aby znamiona oryginalno\u015bci. Nie dali\u015bmy rady. Odk\u0105d pami\u0119tamy, Redaktor Guga\u0142a, dobitnie i z namaszczeniem, cz\u0119sto emocjonalnie, jednak zawsze tylko powtarza kwestie i opinie kr\u0105\u017c\u0105ce w tzw. g\u0142\u00f3wnym nurcie.<\/p>\n<p>Oczywi\u015bcie jest mo\u017cliwe, i\u017c Redaktor Guga\u0142a jest z tym \u015brodowiskami idealnie zsynchronizowany, niemniej np. Redaktor Tomasz Lis cz\u0119sto formu\u0142uje opinie, co do kt\u00f3rych nie ma w\u0105tpliwo\u015bci i\u017c s\u0105 jego osobistymi przemy\u015bleniami. Ich ocena to oczywi\u015bcie inna sprawa.<\/p>\n<p>KONIEC MA\u0141EJ DYGRESJI<\/p>\n<p>&#8212;&#8212;&#8212;&#8212;&#8212;&#8212;&#8212;&#8212;&#8212;&#8212;&#8212;&#8212;&#8212;&#8212;&#8212;&#8212;&#8212;&#8212;&#8212;&#8212;&#8212;&#8212;&#8212;&#8212;&#8212;&#8212;&#8212;&#8212;&#8212;&#8212;&#8212;&#8212;&#8212;&#8212;&#8212;&#8212;&#8212;&#8212;&#8211;<\/p>\n<p>&nbsp;<\/p>\n<p>Wypowiedzi ksi\u0119dza Michalczyka i Redaktora Guga\u0142y mo\u017cecie Pa\u0144stwo ods\u0142ucha\u0107 poni\u017cej, my chcemy tu zwr\u00f3ci\u0107 tylko uwag\u0119 na fundamentaln\u0105 dla sprawy kwesti\u0119.<\/p>\n<audio class=\"wp-audio-shortcode\" id=\"audio-104-1\" preload=\"none\" style=\"width: 100%;\" controls=\"controls\"><source type=\"audio\/mpeg\" src=\"http:\/\/oko.pres-24.pl\/wp-content\/uploads\/2016\/08\/red.Gugala.mp3?_=1\" \/><a href=\"http:\/\/oko.pres-24.pl\/wp-content\/uploads\/2016\/08\/red.Gugala.mp3\">http:\/\/oko.pres-24.pl\/wp-content\/uploads\/2016\/08\/red.Gugala.mp3<\/a><\/audio>\n<audio class=\"wp-audio-shortcode\" id=\"audio-104-2\" preload=\"none\" style=\"width: 100%;\" controls=\"controls\"><source type=\"audio\/mpeg\" src=\"http:\/\/oko.pres-24.pl\/wp-content\/uploads\/2016\/08\/ks.Michalczyk.mp3?_=2\" \/><a href=\"http:\/\/oko.pres-24.pl\/wp-content\/uploads\/2016\/08\/ks.Michalczyk.mp3\">http:\/\/oko.pres-24.pl\/wp-content\/uploads\/2016\/08\/ks.Michalczyk.mp3<\/a><\/audio>\n<p>&nbsp;<\/p>\n<p>Na \u015aDM nie by\u0142o \u017cadnej wielokulturowo\u015bci. To by\u0142a czysta monokulturowo\u015b\u0107. Wszystkich obecnych \u0142\u0105czy\u0142o chrze\u015bcija\u0144stwo i zwi\u0105zane z nim warto\u015bci. Mo\u017cna powiedzie\u0107, i\u017c chrze\u015bcija\u0144stwo by\u0142o &#8222;nadkultur\u0105&#8221;, zbiorem wsp\u00f3lnym wszystkich obecnych. Dopiero w obr\u0119bie tego zbioru mo\u017cemy rozr\u00f3\u017cnia\u0107 mniejsze grupy, zbiory ludzi wywodz\u0105cych si\u0119 z r\u00f3\u017cnych kontynent\u00f3w, kraj\u00f3w, grup j\u0119zykowych, z kraj\u00f3w gdzie dominuje inna religia, gdzie je si\u0119 inaczej i \u015bpi inaczej ni\u017c w Europie. Nie mia\u0142o to znaczenia gdy\u017c fundamentalne warto\u015bci wyznawane przez tych ludzi s\u0105 takie same.<\/p>\n<p>G\u0142upio nam \u017ce musimy to t\u0142umaczy\u0107 takim autorytetom, ale czy tak trudno zrozumie\u0107, i\u017c powszechna w Europie Zachodniej polityka multi-kulti doprowadzi\u0142a do zamieszkiwania obok siebie grup ludzi wyznaj\u0105cych w wielu fundamentalnych kwestiach odmienne pogl\u0105dy i warto\u015bci (np. neguj\u0105cych podstawowe zasady demokracji, prawa cz\u0142owieka itp.).<\/p>\n<p>Pa\u0144stwo kt\u00f3re mia\u0142o ich spaja\u0107 w jedno spo\u0142ecze\u0144stwo okaza\u0142o si\u0119 zbyt s\u0142abym, zapewne nie do\u015b\u0107 atrakcyjnym spoiwem, czego dowodem s\u0105 zamachy pope\u0142niane przez przedstawicieli drugiego pokolenia imigrant\u00f3w we Francji czy Niemczech.<\/p>\n<p>Redakcja.<\/p>\n<p class=\"bawpvc-ajax-counter\" data-id=\"104\">\n","protected":false},"excerpt":{"rendered":"<p>Nie ukrywamy&#8230;&#8230;. jest nam g\u0142upio. Z za\u017cenowaniem s\u0142uchali\u015bmy porannej audycji <a class=\"more-link\" href=\"https:\/\/oko.pres-24.pl\/?p=104\">Czytaj dalej \u2192<\/a><\/p>\n","protected":false},"author":1,"featured_media":105,"comment_status":"open","ping_status":"open","sticky":false,"template":"","format":"standard","meta":{"footnotes":""},"categories":[1],"tags":[],"class_list":["post-104","post","type-post","status-publish","format-standard","has-post-thumbnail","hentry","category-uncategorized"],"aioseo_notices":[],"_links":{"self":[{"href":"https:\/\/oko.pres-24.pl\/index.php?rest_route=\/wp\/v2\/posts\/104","targetHints":{"allow":["GET"]}}],"collection":[{"href":"https:\/\/oko.pres-24.pl\/index.php?rest_route=\/wp\/v2\/posts"}],"about":[{"href":"https:\/\/oko.pres-24.pl\/index.php?rest_route=\/wp\/v2\/types\/post"}],"author":[{"embeddable":true,"href":"https:\/\/oko.pres-24.pl\/index.php?rest_route=\/wp\/v2\/users\/1"}],"replies":[{"embeddable":true,"href":"https:\/\/oko.pres-24.pl\/index.php?rest_route=%2Fwp%2Fv2%2Fcomments&post=104"}],"version-history":[{"count":8,"href":"https:\/\/oko.pres-24.pl\/index.php?rest_route=\/wp\/v2\/posts\/104\/revisions"}],"predecessor-version":[{"id":2144,"href":"https:\/\/oko.pres-24.pl\/index.php?rest_route=\/wp\/v2\/posts\/104\/revisions\/2144"}],"wp:featuredmedia":[{"embeddable":true,"href":"https:\/\/oko.pres-24.pl\/index.php?rest_route=\/wp\/v2\/media\/105"}],"wp:attachment":[{"href":"https:\/\/oko.pres-24.pl\/index.php?rest_route=%2Fwp%2Fv2%2Fmedia&parent=104"}],"wp:term":[{"taxonomy":"category","embeddable":true,"href":"https:\/\/oko.pres-24.pl\/index.php?rest_route=%2Fwp%2Fv2%2Fcategories&post=104"},{"taxonomy":"post_tag","embeddable":true,"href":"https:\/\/oko.pres-24.pl\/index.php?rest_route=%2Fwp%2Fv2%2Ftags&post=104"}],"curies":[{"name":"wp","href":"https:\/\/api.w.org\/{rel}","templated":true}]}}